{"id":5118,"date":"2024-11-11T10:48:08","date_gmt":"2024-11-11T10:48:08","guid":{"rendered":"https:\/\/salesianosatocha.es\/primaria\/?p=5118"},"modified":"2024-11-11T10:48:08","modified_gmt":"2024-11-11T10:48:08","slug":"milagro-de-las-castanas-de-don-bosco-en-atocha","status":"publish","type":"post","link":"https:\/\/salesianosatocha.es\/primaria\/blog\/2024\/11\/11\/milagro-de-las-castanas-de-don-bosco-en-atocha\/","title":{"rendered":"MILAGRO DE LAS CASTA\u00d1AS DE DON BOSCO EN ATOCHA"},"content":{"rendered":"\n<p>Esta semana los alumnos de primaria han vivido una tarde muy especial celebrando el Milagro de las Casta\u00f1as de Don Bosco. La actividad comenz\u00f3 con un teatro de los alumnos de FP, quienes realizaron una representaci\u00f3n sobre la historia del milagro de las casta\u00f1as de Don Bosco.<\/p>\n\n\n\n<p>Seg\u00fan cuenta la historia, Don Bosco y sus j\u00f3venes pasaban muchas veces hambre, pero un d\u00eda, cuando m\u00e1s necesitaban alimento, apareci\u00f3 una gran cantidad de casta\u00f1as que pudieron repartir entre todos. Este milagro fue un signo de la bondad de Dios y de la protecci\u00f3n que Don Bosco ofrec\u00eda a sus j\u00f3venes. De esta manera, los ni\u00f1os de primaria, muy emocionados por la representaci\u00f3n teatral, pudieron ver c\u00f3mo se desarrollaba esta maravillosa historia llena de fe y esperanza. Los actores, compa\u00f1eros de la FP, lo hicieron con mucha ilusi\u00f3n, logrando transmitir no solo la importancia de esta historia, sino tambi\u00e9n el mensaje de solidaridad, generosidad y confianza en Dios.<\/p>\n\n\n\n<p>Al finalizar la funci\u00f3n, les repartieron casta\u00f1as para que pudieran compartirlas entre todos en el patio, record\u00e1ndoles que, a veces, los milagros se encuentran en los gestos m\u00e1s sencillos de la vida cotidiana.&nbsp;<\/p>\n\n\n\n<p>\u00a1Viva Don Bosco!<\/p>\n\n\n\n<figure class=\"wp-block-video\"><video controls src=\"https:\/\/salesianosatocha.es\/primaria\/files\/2024\/11\/Milagrodelascastanas.mov\"><\/video><\/figure>\n","protected":false},"excerpt":{"rendered":"<p>Esta semana los alumnos de primaria han vivido una tarde muy especial celebrando el Milagro de las Casta\u00f1as de Don Bosco. La actividad comenz\u00f3 con un teatro de los alumnos de FP, quienes realizaron una representaci\u00f3n sobre la historia del milagro de las casta\u00f1as de Don Bosco. Seg\u00fan cuenta la historia, Don Bosco y sus [&hellip;]<\/p>\n","protected":false},"author":123,"featured_media":0,"comment_status":"open","ping_status":"open","sticky":false,"template":"","format":"standard","meta":{"_et_pb_use_builder":"off","_et_pb_old_content":"","_et_gb_content_width":"","ngg_post_thumbnail":0,"footnotes":""},"categories":[36,18,1,35],"tags":[56,46,51],"_links":{"self":[{"href":"https:\/\/salesianosatocha.es\/primaria\/wp-json\/wp\/v2\/posts\/5118"}],"collection":[{"href":"https:\/\/salesianosatocha.es\/primaria\/wp-json\/wp\/v2\/posts"}],"about":[{"href":"https:\/\/salesianosatocha.es\/primaria\/wp-json\/wp\/v2\/types\/post"}],"author":[{"embeddable":true,"href":"https:\/\/salesianosatocha.es\/primaria\/wp-json\/wp\/v2\/users\/123"}],"replies":[{"embeddable":true,"href":"https:\/\/salesianosatocha.es\/primaria\/wp-json\/wp\/v2\/comments?post=5118"}],"version-history":[{"count":1,"href":"https:\/\/salesianosatocha.es\/primaria\/wp-json\/wp\/v2\/posts\/5118\/revisions"}],"predecessor-version":[{"id":5120,"href":"https:\/\/salesianosatocha.es\/primaria\/wp-json\/wp\/v2\/posts\/5118\/revisions\/5120"}],"wp:attachment":[{"href":"https:\/\/salesianosatocha.es\/primaria\/wp-json\/wp\/v2\/media?parent=5118"}],"wp:term":[{"taxonomy":"category","embeddable":true,"href":"https:\/\/salesianosatocha.es\/primaria\/wp-json\/wp\/v2\/categories?post=5118"},{"taxonomy":"post_tag","embeddable":true,"href":"https:\/\/salesianosatocha.es\/primaria\/wp-json\/wp\/v2\/tags?post=5118"}],"curies":[{"name":"wp","href":"https:\/\/api.w.org\/{rel}","templated":true}]}}