{"id":5082,"date":"2024-09-20T13:54:55","date_gmt":"2024-09-20T13:54:55","guid":{"rendered":"https:\/\/salesianosatocha.es\/primaria\/?p=5082"},"modified":"2024-10-18T08:35:52","modified_gmt":"2024-10-18T08:35:52","slug":"los-alumnos-de-6o-conocen-a-sus-ahijados","status":"publish","type":"post","link":"https:\/\/salesianosatocha.es\/primaria\/blog\/2024\/09\/20\/los-alumnos-de-6o-conocen-a-sus-ahijados\/","title":{"rendered":"Los alumnos de 6\u00ba conocen a sus ahijados"},"content":{"rendered":"\n<p>Este viernes,&nbsp;los alumnos de 6\u00b0 de primaria disfrutan como padrinos de los peques de 1\u00b0 organizando un desayuno compartido en el patio.<\/p>\n\n\n\n<p>Cada alumno de 6\u00b0 tuvo la responsabilidad de acompa\u00f1ar en el desayuno a su ahijado de 1\u00b0 \u00a0conversando con ellos y ense\u00f1\u00e1ndoles c\u00f3mo es la rutina en primaria.\u00a0<\/p>\n\n\n\n<p>Esta actividad fomenta la empat\u00eda, el liderazgo y el sentido de uni\u00f3n entre los m\u00e1s mayores y m\u00e1s peque\u00f1os de\u00a0primaria.\u00a0 Los padrinos de 6\u00b0 se convierten en referentes para los ni\u00f1os de 1\u00b0 que comienzan una nueva etapa .\u00a0<\/p>\n\n\n\n<p>Esta actividad, que ya se ha convertido en una tradici\u00f3n en el colegio, es una de las muchas iniciativas para promover valores como el respeto, la solidaridad y el compa\u00f1erismo entre los alumnos de todas las edades.<\/p>\n\n\n\n<p>\u00a1FELIZ COMIENZO DE CURSO!<\/p>\n\n\n\n<p><\/p>\n\n\n\n<figure class=\"wp-block-video\"><video controls src=\"https:\/\/salesianosatocha.es\/primaria\/files\/2024\/10\/Desayuno-compartido-padrinos-y-ahijados.mov\"><\/video><\/figure>\n","protected":false},"excerpt":{"rendered":"<p>Este viernes,&nbsp;los alumnos de 6\u00b0 de primaria disfrutan como padrinos de los peques de 1\u00b0 organizando un desayuno compartido en el patio. Cada alumno de 6\u00b0 tuvo la responsabilidad de acompa\u00f1ar en el desayuno a su ahijado de 1\u00b0 \u00a0conversando con ellos y ense\u00f1\u00e1ndoles c\u00f3mo es la rutina en primaria.\u00a0 Esta actividad fomenta la empat\u00eda, [&hellip;]<\/p>\n","protected":false},"author":123,"featured_media":0,"comment_status":"open","ping_status":"open","sticky":false,"template":"","format":"standard","meta":{"_et_pb_use_builder":"","_et_pb_old_content":"","_et_gb_content_width":"","ngg_post_thumbnail":0,"footnotes":""},"categories":[36,18,8,35],"tags":[56,47,51],"_links":{"self":[{"href":"https:\/\/salesianosatocha.es\/primaria\/wp-json\/wp\/v2\/posts\/5082"}],"collection":[{"href":"https:\/\/salesianosatocha.es\/primaria\/wp-json\/wp\/v2\/posts"}],"about":[{"href":"https:\/\/salesianosatocha.es\/primaria\/wp-json\/wp\/v2\/types\/post"}],"author":[{"embeddable":true,"href":"https:\/\/salesianosatocha.es\/primaria\/wp-json\/wp\/v2\/users\/123"}],"replies":[{"embeddable":true,"href":"https:\/\/salesianosatocha.es\/primaria\/wp-json\/wp\/v2\/comments?post=5082"}],"version-history":[{"count":1,"href":"https:\/\/salesianosatocha.es\/primaria\/wp-json\/wp\/v2\/posts\/5082\/revisions"}],"predecessor-version":[{"id":5085,"href":"https:\/\/salesianosatocha.es\/primaria\/wp-json\/wp\/v2\/posts\/5082\/revisions\/5085"}],"wp:attachment":[{"href":"https:\/\/salesianosatocha.es\/primaria\/wp-json\/wp\/v2\/media?parent=5082"}],"wp:term":[{"taxonomy":"category","embeddable":true,"href":"https:\/\/salesianosatocha.es\/primaria\/wp-json\/wp\/v2\/categories?post=5082"},{"taxonomy":"post_tag","embeddable":true,"href":"https:\/\/salesianosatocha.es\/primaria\/wp-json\/wp\/v2\/tags?post=5082"}],"curies":[{"name":"wp","href":"https:\/\/api.w.org\/{rel}","templated":true}]}}