{"id":5024,"date":"2024-05-09T08:11:43","date_gmt":"2024-05-09T08:11:43","guid":{"rendered":"https:\/\/salesianosatocha.es\/primaria\/?p=5024"},"modified":"2024-05-13T08:12:53","modified_gmt":"2024-05-13T08:12:53","slug":"5024","status":"publish","type":"post","link":"https:\/\/salesianosatocha.es\/primaria\/blog\/2024\/05\/09\/5024\/","title":{"rendered":"\u00c9xito Rotundo en las Convivencias de 5\u00ba y 6\u00ba de Primaria"},"content":{"rendered":"<p>[et_pb_section fb_built=\u00bb1&#8243; _builder_version=\u00bb4.16&#8243; _module_preset=\u00bbdefault\u00bb global_colors_info=\u00bb{}\u00bb theme_builder_area=\u00bbpost_content\u00bb][et_pb_row _builder_version=\u00bb4.16&#8243; _module_preset=\u00bbdefault\u00bb global_colors_info=\u00bb{}\u00bb theme_builder_area=\u00bbpost_content\u00bb][et_pb_column type=\u00bb4_4&#8243; _builder_version=\u00bb4.16&#8243; _module_preset=\u00bbdefault\u00bb global_colors_info=\u00bb{}\u00bb theme_builder_area=\u00bbpost_content\u00bb][et_pb_text _builder_version=\u00bb4.16&#8243; _module_preset=\u00bbdefault\u00bb custom_padding=\u00bb||0px|||\u00bb global_colors_info=\u00bb{}\u00bb theme_builder_area=\u00bbpost_content\u00bb]<\/p>\n<div dir=\"ltr\">\n<div>En un d\u00eda lleno de diversi\u00f3n y aprendizaje, los alumnos de quinto y sexto de primaria disfrutaron\u00a0de una experiencia \u00fanica en las convivencias en el CES Don Bosco.<\/div>\n<div>Los ni\u00f1os participaron en una serie de din\u00e1micas dise\u00f1adas para fortalecer sus lazos y habilidades sociales. Desde actividades de trabajo en equipo hasta juegos cooperativos, los peque\u00f1os demostraron su creatividad y esp\u00edritu de equipo en cada actividad.<\/div>\n<div><\/div>\n<div>Tras una ma\u00f1ana llena de diversi\u00f3n, los alumnos disfrutaron de un merecido descanso para recargar energ\u00edas. Disfrutaron de un\u00a0 picnic al aire libre en Dehesa de la Villa.\u00a0<\/div>\n<div><\/div>\n<div>En resumen, las convivencias de 5\u00ba y 6\u00ba de primaria fueron un rotundo \u00e9xito, dejando grandes recuerdos para nuestros alumnos.\u00a0<\/div>\n<div>\u00a1Hasta la pr\u00f3xima aventura juntos!<\/div>\n<p>&nbsp;<\/p>\n<\/div>\n<div>\n<div dir=\"ltr\" class=\"gmail_signature\" data-smartmail=\"gmail_signature\"><\/div>\n<\/div>\n<p>[\/et_pb_text][\/et_pb_column][\/et_pb_row][\/et_pb_section][et_pb_section fb_built=\u00bb1&#8243; _builder_version=\u00bb4.16&#8243; _module_preset=\u00bbdefault\u00bb global_colors_info=\u00bb{}\u00bb theme_builder_area=\u00bbpost_content\u00bb][et_pb_row _builder_version=\u00bb4.25.1&#8243; _module_preset=\u00bbdefault\u00bb theme_builder_area=\u00bbpost_content\u00bb][et_pb_column _builder_version=\u00bb4.25.1&#8243; _module_preset=\u00bbdefault\u00bb type=\u00bb4_4&#8243; theme_builder_area=\u00bbpost_content\u00bb][et_pb_image src=\u00bbhttp:\/\/salesianosatocha.es\/primaria\/files\/2024\/05\/f54aaf30-e035-40de-bad6-d75a3a0a905c.jpg\u00bb _builder_version=\u00bb4.25.1&#8243; _module_preset=\u00bbdefault\u00bb theme_builder_area=\u00bbpost_content\u00bb title_text=\u00bbf54aaf30-e035-40de-bad6-d75a3a0a905c\u00bb hover_enabled=\u00bb0&#8243; sticky_enabled=\u00bb0&#8243;][\/et_pb_image][\/et_pb_column][\/et_pb_row][\/et_pb_section]<\/p>\n","protected":false},"excerpt":{"rendered":"<p>En un d\u00eda lleno de diversi\u00f3n y aprendizaje, los alumnos de quinto y sexto de primaria disfrutaron\u00a0de una experiencia \u00fanica en las convivencias en el CES Don Bosco. Los ni\u00f1os participaron en una serie de din\u00e1micas dise\u00f1adas para fortalecer sus lazos y habilidades sociales. Desde actividades de trabajo en equipo hasta juegos cooperativos, los peque\u00f1os [&hellip;]<\/p>\n","protected":false},"author":123,"featured_media":5030,"comment_status":"open","ping_status":"open","sticky":false,"template":"","format":"standard","meta":{"_et_pb_use_builder":"on","_et_pb_old_content":"","_et_gb_content_width":"","ngg_post_thumbnail":0,"footnotes":""},"categories":[36,18,1,8,35],"tags":[56,47,51],"_links":{"self":[{"href":"https:\/\/salesianosatocha.es\/primaria\/wp-json\/wp\/v2\/posts\/5024"}],"collection":[{"href":"https:\/\/salesianosatocha.es\/primaria\/wp-json\/wp\/v2\/posts"}],"about":[{"href":"https:\/\/salesianosatocha.es\/primaria\/wp-json\/wp\/v2\/types\/post"}],"author":[{"embeddable":true,"href":"https:\/\/salesianosatocha.es\/primaria\/wp-json\/wp\/v2\/users\/123"}],"replies":[{"embeddable":true,"href":"https:\/\/salesianosatocha.es\/primaria\/wp-json\/wp\/v2\/comments?post=5024"}],"version-history":[{"count":3,"href":"https:\/\/salesianosatocha.es\/primaria\/wp-json\/wp\/v2\/posts\/5024\/revisions"}],"predecessor-version":[{"id":5029,"href":"https:\/\/salesianosatocha.es\/primaria\/wp-json\/wp\/v2\/posts\/5024\/revisions\/5029"}],"wp:featuredmedia":[{"embeddable":true,"href":"https:\/\/salesianosatocha.es\/primaria\/wp-json\/wp\/v2\/media\/5030"}],"wp:attachment":[{"href":"https:\/\/salesianosatocha.es\/primaria\/wp-json\/wp\/v2\/media?parent=5024"}],"wp:term":[{"taxonomy":"category","embeddable":true,"href":"https:\/\/salesianosatocha.es\/primaria\/wp-json\/wp\/v2\/categories?post=5024"},{"taxonomy":"post_tag","embeddable":true,"href":"https:\/\/salesianosatocha.es\/primaria\/wp-json\/wp\/v2\/tags?post=5024"}],"curies":[{"name":"wp","href":"https:\/\/api.w.org\/{rel}","templated":true}]}}