{"id":5005,"date":"2024-04-30T10:30:15","date_gmt":"2024-04-30T10:30:15","guid":{"rendered":"https:\/\/salesianosatocha.es\/primaria\/?p=5005"},"modified":"2024-04-30T10:36:13","modified_gmt":"2024-04-30T10:36:13","slug":"5005","status":"publish","type":"post","link":"https:\/\/salesianosatocha.es\/primaria\/blog\/2024\/04\/30\/5005\/","title":{"rendered":"Alumnos de 4\u00ba de ESO presentan a los alumnos de 6\u00ba un trabajo relacionado con las Elecciones Europeas en una Informativa Sesi\u00f3n en Ingl\u00e9s"},"content":{"rendered":"<p>[et_pb_section fb_built=\u00bb1&#8243; _builder_version=\u00bb4.16&#8243; _module_preset=\u00bbdefault\u00bb global_colors_info=\u00bb{}\u00bb][et_pb_row _builder_version=\u00bb4.16&#8243; _module_preset=\u00bbdefault\u00bb global_colors_info=\u00bb{}\u00bb][et_pb_column type=\u00bb4_4&#8243; _builder_version=\u00bb4.16&#8243; _module_preset=\u00bbdefault\u00bb global_colors_info=\u00bb{}\u00bb][et_pb_text _builder_version=\u00bb4.16&#8243; _module_preset=\u00bbdefault\u00bb custom_padding=\u00bb||0px|||\u00bb global_colors_info=\u00bb{}\u00bb]<\/p>\n<div dir=\"ltr\">\n<p>En una emocionante y educativa sesi\u00f3n, los alumnos de 4\u00ba de ESO\u00a0 han presentado sus imaginarios partidos pol\u00edticos a los estudiantes de 6\u00ba de primaria. La actividad, realizada \u00edntegramente en ingl\u00e9s, tuvo lugar en el Centro Don Bosco y dej\u00f3 a todos los asistentes intrigados y comprometidos.<\/p>\n<p>Los j\u00f3venes pol\u00edticos, con entusiasmo y creatividad, representaron sus partidos ficticios, cada uno con su propia plataforma y visi\u00f3n para las elecciones europeas.\u00a0<\/p>\n<p>\u00a1Cu\u00e1nto han aprendido de sus compa\u00f1eros mayores!<\/p>\n<p>&nbsp;<\/p>\n<\/div>\n<div>\n<div dir=\"ltr\" class=\"gmail_signature\" data-smartmail=\"gmail_signature\"><\/div>\n<\/div>\n<p>[\/et_pb_text][\/et_pb_column][\/et_pb_row][\/et_pb_section][et_pb_section fb_built=\u00bb1&#8243; _builder_version=\u00bb4.16&#8243; _module_preset=\u00bbdefault\u00bb global_colors_info=\u00bb{}\u00bb][et_pb_row column_structure=\u00bb1_3,1_3,1_3&#8243; _builder_version=\u00bb4.16&#8243; _module_preset=\u00bbdefault\u00bb global_colors_info=\u00bb{}\u00bb][et_pb_column type=\u00bb1_3&#8243; _builder_version=\u00bb4.16&#8243; _module_preset=\u00bbdefault\u00bb global_colors_info=\u00bb{}\u00bb][et_pb_image src=\u00bbhttp:\/\/salesianosatocha.es\/primaria\/files\/2024\/04\/PHOTO-2024-04-30-10-28-34-1.jpg\u00bb title_text=\u00bbPHOTO-2024-04-30-10-28-34 (1)\u00bb _builder_version=\u00bb4.24.3&#8243; _module_preset=\u00bbdefault\u00bb global_colors_info=\u00bb{}\u00bb][\/et_pb_image][\/et_pb_column][et_pb_column type=\u00bb1_3&#8243; _builder_version=\u00bb4.16&#8243; _module_preset=\u00bbdefault\u00bb global_colors_info=\u00bb{}\u00bb][et_pb_image src=\u00bbhttp:\/\/salesianosatocha.es\/primaria\/files\/2024\/04\/PHOTO-2024-04-30-10-28-34-2.jpg\u00bb title_text=\u00bbPHOTO-2024-04-30-10-28-34 (2)\u00bb _builder_version=\u00bb4.24.3&#8243; _module_preset=\u00bbdefault\u00bb global_colors_info=\u00bb{}\u00bb][\/et_pb_image][\/et_pb_column][et_pb_column type=\u00bb1_3&#8243; _builder_version=\u00bb4.16&#8243; _module_preset=\u00bbdefault\u00bb global_colors_info=\u00bb{}\u00bb][et_pb_image src=\u00bbhttp:\/\/salesianosatocha.es\/primaria\/files\/2024\/04\/PHOTO-2024-04-30-10-28-34-4.jpg\u00bb title_text=\u00bbPHOTO-2024-04-30-10-28-34 (4)\u00bb _builder_version=\u00bb4.24.3&#8243; _module_preset=\u00bbdefault\u00bb global_colors_info=\u00bb{}\u00bb][\/et_pb_image][\/et_pb_column][\/et_pb_row][et_pb_row column_structure=\u00bb1_3,1_3,1_3&#8243; _builder_version=\u00bb4.24.3&#8243; _module_preset=\u00bbdefault\u00bb global_colors_info=\u00bb{}\u00bb][et_pb_column type=\u00bb1_3&#8243; _builder_version=\u00bb4.24.3&#8243; _module_preset=\u00bbdefault\u00bb global_colors_info=\u00bb{}\u00bb][et_pb_image src=\u00bbhttp:\/\/salesianosatocha.es\/primaria\/files\/2024\/04\/PHOTO-2024-04-30-10-28-34-6-1.jpg\u00bb _builder_version=\u00bb4.24.3&#8243; _module_preset=\u00bbdefault\u00bb title_text=\u00bbPHOTO-2024-04-30-10-28-34 (6)\u00bb hover_enabled=\u00bb0&#8243; sticky_enabled=\u00bb0&#8243;][\/et_pb_image][\/et_pb_column][et_pb_column type=\u00bb1_3&#8243; _builder_version=\u00bb4.24.3&#8243; _module_preset=\u00bbdefault\u00bb global_colors_info=\u00bb{}\u00bb][et_pb_image src=\u00bbhttp:\/\/salesianosatocha.es\/primaria\/files\/2024\/04\/PHOTO-2024-04-30-10-28-34-7.jpg\u00bb title_text=\u00bbPHOTO-2024-04-30-10-28-34 (7)\u00bb _builder_version=\u00bb4.24.3&#8243; _module_preset=\u00bbdefault\u00bb global_colors_info=\u00bb{}\u00bb][\/et_pb_image][\/et_pb_column][et_pb_column type=\u00bb1_3&#8243; _builder_version=\u00bb4.24.3&#8243; _module_preset=\u00bbdefault\u00bb global_colors_info=\u00bb{}\u00bb][et_pb_image src=\u00bbhttp:\/\/salesianosatocha.es\/primaria\/files\/2024\/04\/PHOTO-2024-04-30-10-28-34-5.jpg\u00bb title_text=\u00bbPHOTO-2024-04-30-10-28-34 (5)\u00bb _builder_version=\u00bb4.24.3&#8243; _module_preset=\u00bbdefault\u00bb global_colors_info=\u00bb{}\u00bb][\/et_pb_image][\/et_pb_column][\/et_pb_row][\/et_pb_section]<\/p>\n","protected":false},"excerpt":{"rendered":"<p>En una emocionante y educativa sesi\u00f3n, los alumnos de 4\u00ba de ESO\u00a0 han presentado sus imaginarios partidos pol\u00edticos a los estudiantes de 6\u00ba de primaria. La actividad, realizada \u00edntegramente en ingl\u00e9s, tuvo lugar en el Centro Don Bosco y dej\u00f3 a todos los asistentes intrigados y comprometidos. Los j\u00f3venes pol\u00edticos, con entusiasmo y creatividad, representaron [&hellip;]<\/p>\n","protected":false},"author":123,"featured_media":5018,"comment_status":"open","ping_status":"open","sticky":false,"template":"","format":"standard","meta":{"_et_pb_use_builder":"on","_et_pb_old_content":"","_et_gb_content_width":"","ngg_post_thumbnail":0,"footnotes":""},"categories":[36,18,40,1,35],"tags":[56,47,51],"_links":{"self":[{"href":"https:\/\/salesianosatocha.es\/primaria\/wp-json\/wp\/v2\/posts\/5005"}],"collection":[{"href":"https:\/\/salesianosatocha.es\/primaria\/wp-json\/wp\/v2\/posts"}],"about":[{"href":"https:\/\/salesianosatocha.es\/primaria\/wp-json\/wp\/v2\/types\/post"}],"author":[{"embeddable":true,"href":"https:\/\/salesianosatocha.es\/primaria\/wp-json\/wp\/v2\/users\/123"}],"replies":[{"embeddable":true,"href":"https:\/\/salesianosatocha.es\/primaria\/wp-json\/wp\/v2\/comments?post=5005"}],"version-history":[{"count":5,"href":"https:\/\/salesianosatocha.es\/primaria\/wp-json\/wp\/v2\/posts\/5005\/revisions"}],"predecessor-version":[{"id":5022,"href":"https:\/\/salesianosatocha.es\/primaria\/wp-json\/wp\/v2\/posts\/5005\/revisions\/5022"}],"wp:featuredmedia":[{"embeddable":true,"href":"https:\/\/salesianosatocha.es\/primaria\/wp-json\/wp\/v2\/media\/5018"}],"wp:attachment":[{"href":"https:\/\/salesianosatocha.es\/primaria\/wp-json\/wp\/v2\/media?parent=5005"}],"wp:term":[{"taxonomy":"category","embeddable":true,"href":"https:\/\/salesianosatocha.es\/primaria\/wp-json\/wp\/v2\/categories?post=5005"},{"taxonomy":"post_tag","embeddable":true,"href":"https:\/\/salesianosatocha.es\/primaria\/wp-json\/wp\/v2\/tags?post=5005"}],"curies":[{"name":"wp","href":"https:\/\/api.w.org\/{rel}","templated":true}]}}