{"id":491,"date":"2012-07-31T10:32:22","date_gmt":"2012-07-31T10:32:22","guid":{"rendered":"http:\/\/salesianosatocha.es\/?p=491"},"modified":"2012-07-31T10:32:22","modified_gmt":"2012-07-31T10:32:22","slug":"inauguracion-del-curso-2012-2013","status":"publish","type":"post","link":"https:\/\/salesianosatocha.es\/primaria\/blog\/2012\/07\/31\/inauguracion-del-curso-2012-2013\/","title":{"rendered":"INAUGURACI\u00d3N DEL CURSO 2012-2013 (ACTUALIZADO)"},"content":{"rendered":"<ul>\n<li>\n<h2>E. INFANTIL: D\u00cdA 10 DE SEPTIEMBRE, a las 10,30 horas (4 y 5 a\u00f1os).<\/h2>\n<\/li>\n<\/ul>\n<p style=\"text-align: center\"><div class='et-box et-info'>\n\t\t\t\t\t<div class='et-box-content'>Nota: Alumnos\/as de 3 a\u00f1os, seg\u00fan el horario de adaptaci\u00f3n<\/div><\/div><\/p>\n<h2><\/h2>\n<ul>\n<li>\n<h2>E. PRIMARIA: D\u00cdA 10 DE SEPTIEMBRE, a las 10,30 horas.<\/h2>\n<\/li>\n<\/ul>\n<h2><\/h2>\n<p>&nbsp;<\/p>\n<ul>\n<li>\n<h2>\u00a0E.S.O.:<\/h2>\n<\/li>\n<\/ul>\n<p style=\"padding-left: 90px\"><span style=\"color: #333333\"><strong>(D\u00eda 11: Convocatoria para los alumnos de 1\u00ba de ESO)<\/strong><\/span><\/p>\n<h2 style=\"padding-left: 90px\"><strong> <\/strong>D\u00cdA 12 DE SEPTIEMBRE.<\/h2>\n<ul>\n<\/ul>\n<ul>\n<li>\u00a01\u00ba\u00a0 : a las 9,30 horas.<\/li>\n<li>\u00a02\u00ba, 3\u00ba Y 4\u00ba : a las 12,30 horas.<\/li>\n<\/ul>\n<p>&nbsp;<\/p>\n<ul>\n<li>\n<h2>BACHILLERATO: D\u00cdA 11 DE SEPTIEMBRE, a las 11,30 horas.<\/h2>\n<\/li>\n<\/ul>\n<ul>\n<li>\n<h2>FORMACI\u00d3N\u00a0 PROFESIONAL ESPEC\u00cdFICA<\/h2>\n<\/li>\n<\/ul>\n<p style=\"padding-left: 30px\"><span style=\"color: #ff0000\"><strong>D\u00cdA 12 DE SEPTIEMBRE<\/strong><\/span><\/p>\n<ul>\n<\/ul>\n<ul>\n<li>2\u00ba, CICLOS F. GRADO MEDIO, a las 11,00 horas.<\/li>\n<li>2\u00ba, CICLOS F. GRADO SUPERIOR, a las 11,00 horas .<\/li>\n<li>P.C.P.I. (Programas de cualificaci\u00f3n profesional inicial) a las 17,00 horas.<\/li>\n<li>A.C.E. a las 17,00 horas<\/li>\n<\/ul>\n<p style=\"padding-left: 30px\"><span style=\"color: #ff0000\"><strong>D\u00cdA 20 DE SEPTIEMBRE.<\/strong><\/span><\/p>\n<ul>\n<\/ul>\n<ul>\n<li>1\u00ba CICLOS F. GRADO MEDIO, a las 10,30 horas<\/li>\n<\/ul>\n<p style=\"padding-left: 30px\"><span style=\"color: #ff0000\"><strong>D\u00cdA 1 DE OCTUBRE.<\/strong><\/span><\/p>\n<ul>\n<\/ul>\n<ul>\n<li>1\u00ba\u00a0 CICLOS F. GRADO SUPERIOR, a las 10,30 horas.<\/li>\n<\/ul>\n","protected":false},"excerpt":{"rendered":"<p>E. INFANTIL: D\u00cdA 10 DE SEPTIEMBRE, a las 10,30 horas (4 y 5 a\u00f1os). E. PRIMARIA: D\u00cdA 10 DE SEPTIEMBRE, a las 10,30 horas. &nbsp; \u00a0E.S.O.: (D\u00eda 11: Convocatoria para los alumnos de 1\u00ba de ESO) D\u00cdA 12 DE SEPTIEMBRE. \u00a01\u00ba\u00a0 : a las 9,30 horas. \u00a02\u00ba, 3\u00ba Y 4\u00ba : a las 12,30 horas. [&hellip;]<\/p>\n","protected":false},"author":19,"featured_media":524,"comment_status":"open","ping_status":"open","sticky":false,"template":"","format":"standard","meta":{"_et_pb_use_builder":"","_et_pb_old_content":"","_et_gb_content_width":"","ngg_post_thumbnail":0,"footnotes":""},"categories":[18,37,38,39,40,1,41,8,42,35],"tags":[43],"_links":{"self":[{"href":"https:\/\/salesianosatocha.es\/primaria\/wp-json\/wp\/v2\/posts\/491"}],"collection":[{"href":"https:\/\/salesianosatocha.es\/primaria\/wp-json\/wp\/v2\/posts"}],"about":[{"href":"https:\/\/salesianosatocha.es\/primaria\/wp-json\/wp\/v2\/types\/post"}],"author":[{"embeddable":true,"href":"https:\/\/salesianosatocha.es\/primaria\/wp-json\/wp\/v2\/users\/19"}],"replies":[{"embeddable":true,"href":"https:\/\/salesianosatocha.es\/primaria\/wp-json\/wp\/v2\/comments?post=491"}],"version-history":[{"count":0,"href":"https:\/\/salesianosatocha.es\/primaria\/wp-json\/wp\/v2\/posts\/491\/revisions"}],"wp:featuredmedia":[{"embeddable":true,"href":"https:\/\/salesianosatocha.es\/primaria\/wp-json\/"}],"wp:attachment":[{"href":"https:\/\/salesianosatocha.es\/primaria\/wp-json\/wp\/v2\/media?parent=491"}],"wp:term":[{"taxonomy":"category","embeddable":true,"href":"https:\/\/salesianosatocha.es\/primaria\/wp-json\/wp\/v2\/categories?post=491"},{"taxonomy":"post_tag","embeddable":true,"href":"https:\/\/salesianosatocha.es\/primaria\/wp-json\/wp\/v2\/tags?post=491"}],"curies":[{"name":"wp","href":"https:\/\/api.w.org\/{rel}","templated":true}]}}