{"id":4789,"date":"2023-04-20T14:11:28","date_gmt":"2023-04-20T14:11:28","guid":{"rendered":"https:\/\/salesianosatocha.es\/primaria\/?p=4789"},"modified":"2023-04-25T14:12:44","modified_gmt":"2023-04-25T14:12:44","slug":"excursion-al-parque-puy-du-fou","status":"publish","type":"post","link":"https:\/\/salesianosatocha.es\/primaria\/blog\/2023\/04\/20\/excursion-al-parque-puy-du-fou\/","title":{"rendered":"\u00a1Excursi\u00f3n al parque Puy Du Fou!"},"content":{"rendered":"\n<p>Los alumnos de 4\u00ba y 5\u00ba de Primaria disfrutaron  el d\u00eda de ayer de una emocionante excursi\u00f3n al parque tem\u00e1tico Puy du Fou.<\/p>\n\n\n\n<p>Los ni\u00f1os pudieron experimentar la historia en vivo con espect\u00e1culos llenos de acci\u00f3n, acrobacias y efectos especiales impresionantes. Desde la \u00e9poca romana hasta la Edad Media, los alumnos fueron transportados a trav\u00e9s del tiempo en un viaje inolvidable lleno de aventura y diversi\u00f3n.<\/p>\n\n\n\n<p>Los estudiantes tambi\u00e9n tuvieron la oportunidad de aprender sobre la historia y la cultura de Espa\u00f1a a trav\u00e9s de las atracciones del parque, lo que los convirti\u00f3 en una experiencia educativa y enriquecedora.<\/p>\n\n\n\n<p>Los maestros que acompa\u00f1amos a los ni\u00f1os estuvimos encantados de ver a nuestros chicos disfrutando de la experiencia y aprendiendo de manera pr\u00e1ctica sobre la historia de Espa\u00f1a. \u00a1Un gran d\u00eda para todos en el Puy du Fou!<\/p>\n\n\n\n<figure class=\"wp-block-video\"><video controls src=\"http:\/\/salesianosatocha.es\/primaria\/files\/2023\/04\/video-output-8FA85E7E-D1E7-4F85-88B3-C82C29B205F3.mov\"><\/video><\/figure>\n","protected":false},"excerpt":{"rendered":"<p>Los alumnos de 4\u00ba y 5\u00ba de Primaria disfrutaron el d\u00eda de ayer de una emocionante excursi\u00f3n al parque tem\u00e1tico Puy du Fou. Los ni\u00f1os pudieron experimentar la historia en vivo con espect\u00e1culos llenos de acci\u00f3n, acrobacias y efectos especiales impresionantes. Desde la \u00e9poca romana hasta la Edad Media, los alumnos fueron transportados a trav\u00e9s [&hellip;]<\/p>\n","protected":false},"author":123,"featured_media":0,"comment_status":"open","ping_status":"open","sticky":false,"template":"","format":"standard","meta":{"_et_pb_use_builder":"off","_et_pb_old_content":"","_et_gb_content_width":"","ngg_post_thumbnail":0,"footnotes":""},"categories":[36,18,44,1,35],"tags":[56,51],"_links":{"self":[{"href":"https:\/\/salesianosatocha.es\/primaria\/wp-json\/wp\/v2\/posts\/4789"}],"collection":[{"href":"https:\/\/salesianosatocha.es\/primaria\/wp-json\/wp\/v2\/posts"}],"about":[{"href":"https:\/\/salesianosatocha.es\/primaria\/wp-json\/wp\/v2\/types\/post"}],"author":[{"embeddable":true,"href":"https:\/\/salesianosatocha.es\/primaria\/wp-json\/wp\/v2\/users\/123"}],"replies":[{"embeddable":true,"href":"https:\/\/salesianosatocha.es\/primaria\/wp-json\/wp\/v2\/comments?post=4789"}],"version-history":[{"count":2,"href":"https:\/\/salesianosatocha.es\/primaria\/wp-json\/wp\/v2\/posts\/4789\/revisions"}],"predecessor-version":[{"id":4792,"href":"https:\/\/salesianosatocha.es\/primaria\/wp-json\/wp\/v2\/posts\/4789\/revisions\/4792"}],"wp:attachment":[{"href":"https:\/\/salesianosatocha.es\/primaria\/wp-json\/wp\/v2\/media?parent=4789"}],"wp:term":[{"taxonomy":"category","embeddable":true,"href":"https:\/\/salesianosatocha.es\/primaria\/wp-json\/wp\/v2\/categories?post=4789"},{"taxonomy":"post_tag","embeddable":true,"href":"https:\/\/salesianosatocha.es\/primaria\/wp-json\/wp\/v2\/tags?post=4789"}],"curies":[{"name":"wp","href":"https:\/\/api.w.org\/{rel}","templated":true}]}}