{"id":4668,"date":"2023-03-09T05:53:42","date_gmt":"2023-03-09T05:53:42","guid":{"rendered":"https:\/\/salesianosatocha.es\/primaria\/?p=4668"},"modified":"2023-03-09T05:53:43","modified_gmt":"2023-03-09T05:53:43","slug":"puertas-abiertas","status":"publish","type":"post","link":"https:\/\/salesianosatocha.es\/primaria\/blog\/2023\/03\/09\/puertas-abiertas\/","title":{"rendered":"Puertas Abiertas"},"content":{"rendered":"\n<p>Desde Educaci\u00f3n Primaria os invitamos a nuestras Puertas Abiertas.<\/p>\n\n\n\n<p>El pr\u00f3ximo 11 de marzo de 10:00 a 13:00 horas podr\u00e9is pasear por nuestras instalaciones y conocer de primera mano nuestro estilo educativo.<\/p>\n\n\n\n<p>Nuestra forma de educar respeta el ritmo del alumno e incorpora metodolog\u00edas activas como el ABP y el aprendizaje cooperativo.<\/p>\n\n\n\n<p>En Educaci\u00f3n Primaria, nos iniciamos al biling\u00fcismo, que ayuda a nuestros alumnos a vivir de una forma natural y significativa el aprendizaje de una segunda lengua.<\/p>\n\n\n\n<p>A partir de 4\u00baEP comienza nuestro proyecto digital, que consigue convertir a los alumnos en expertos en el entorno Google.&nbsp;<\/p>\n\n\n\n<p>Nuestra localizaci\u00f3n en el centro de Madrid, nos permite acceder a numerosas experiencias culturales que enriquecen el aprendizaje de nuestros alumnos.<\/p>\n\n\n\n<p>La atenci\u00f3n a la diversidad, la educaci\u00f3n emocional, el acompa\u00f1amiento a alumnos y familias, son nuestras se\u00f1as de identidad.<\/p>\n\n\n\n<p><\/p>\n\n\n\n<figure class=\"wp-block-image size-large\"><a href=\"https:\/\/salesianosatocha.es\/primaria\/files\/2023\/03\/collage.png\"><img loading=\"lazy\" decoding=\"async\" width=\"1024\" height=\"682\" src=\"https:\/\/salesianosatocha.es\/primaria\/files\/2023\/03\/collage-1024x682.png\" alt=\"\" class=\"wp-image-4670\" srcset=\"https:\/\/salesianosatocha.es\/primaria\/files\/2023\/03\/collage-980x653.png 980w, https:\/\/salesianosatocha.es\/primaria\/files\/2023\/03\/collage-480x320.png 480w\" sizes=\"(min-width: 0px) and (max-width: 480px) 480px, (min-width: 481px) and (max-width: 980px) 980px, (min-width: 981px) 1024px, 100vw\" \/><\/a><\/figure>\n","protected":false},"excerpt":{"rendered":"<p>Desde Educaci\u00f3n Primaria os invitamos a nuestras Puertas Abiertas. El pr\u00f3ximo 11 de marzo de 10:00 a 13:00 horas podr\u00e9is pasear por nuestras instalaciones y conocer de primera mano nuestro estilo educativo. Nuestra forma de educar respeta el ritmo del alumno e incorpora metodolog\u00edas activas como el ABP y el aprendizaje cooperativo. En Educaci\u00f3n Primaria, [&hellip;]<\/p>\n","protected":false},"author":123,"featured_media":0,"comment_status":"open","ping_status":"open","sticky":false,"template":"","format":"standard","meta":{"_et_pb_use_builder":"off","_et_pb_old_content":"","_et_gb_content_width":"","ngg_post_thumbnail":0,"footnotes":""},"categories":[1,8,35],"tags":[51],"_links":{"self":[{"href":"https:\/\/salesianosatocha.es\/primaria\/wp-json\/wp\/v2\/posts\/4668"}],"collection":[{"href":"https:\/\/salesianosatocha.es\/primaria\/wp-json\/wp\/v2\/posts"}],"about":[{"href":"https:\/\/salesianosatocha.es\/primaria\/wp-json\/wp\/v2\/types\/post"}],"author":[{"embeddable":true,"href":"https:\/\/salesianosatocha.es\/primaria\/wp-json\/wp\/v2\/users\/123"}],"replies":[{"embeddable":true,"href":"https:\/\/salesianosatocha.es\/primaria\/wp-json\/wp\/v2\/comments?post=4668"}],"version-history":[{"count":2,"href":"https:\/\/salesianosatocha.es\/primaria\/wp-json\/wp\/v2\/posts\/4668\/revisions"}],"predecessor-version":[{"id":4671,"href":"https:\/\/salesianosatocha.es\/primaria\/wp-json\/wp\/v2\/posts\/4668\/revisions\/4671"}],"wp:attachment":[{"href":"https:\/\/salesianosatocha.es\/primaria\/wp-json\/wp\/v2\/media?parent=4668"}],"wp:term":[{"taxonomy":"category","embeddable":true,"href":"https:\/\/salesianosatocha.es\/primaria\/wp-json\/wp\/v2\/categories?post=4668"},{"taxonomy":"post_tag","embeddable":true,"href":"https:\/\/salesianosatocha.es\/primaria\/wp-json\/wp\/v2\/tags?post=4668"}],"curies":[{"name":"wp","href":"https:\/\/api.w.org\/{rel}","templated":true}]}}