{"id":4606,"date":"2022-09-01T15:53:48","date_gmt":"2022-09-01T15:53:48","guid":{"rendered":"https:\/\/salesianosatocha.es\/primaria\/?p=4606"},"modified":"2022-09-01T15:57:37","modified_gmt":"2022-09-01T15:57:37","slug":"reuniones-e-infantil-y-e-primaria","status":"publish","type":"post","link":"https:\/\/salesianosatocha.es\/primaria\/blog\/2022\/09\/01\/reuniones-e-infantil-y-e-primaria\/","title":{"rendered":"Reuniones E. Infantil y E. Primar\u00eda"},"content":{"rendered":"<p>[et_pb_section fb_built=\u00bb1&#8243; _builder_version=\u00bb4.18.0&#8243; _module_preset=\u00bbdefault\u00bb global_colors_info=\u00bb{}\u00bb][et_pb_row _builder_version=\u00bb4.18.0&#8243; _module_preset=\u00bbdefault\u00bb global_colors_info=\u00bb{}\u00bb][et_pb_column type=\u00bb4_4&#8243; _builder_version=\u00bb4.18.0&#8243; _module_preset=\u00bbdefault\u00bb global_colors_info=\u00bb{}\u00bb][et_pb_text _builder_version=\u00bb4.18.0&#8243; _module_preset=\u00bbdefault\u00bb hover_enabled=\u00bb0&#8243; global_colors_info=\u00bb{}\u00bb sticky_enabled=\u00bb0&#8243;]<\/p>\n<h4>EDUCACI\u00d3N INFANTIL:<\/h4>\n<ul>\n<li>Reuni\u00f3n de padres de alumnos de 1\u00ba EI d\u00eda 5 de septiembre a las 13:00 en las aulas de Educaci\u00f3n Infantil.<\/li>\n<li>Reuni\u00f3n de padres de alumnos de\u00a0 2\u00ba y 3\u00ba EI,\u00a0 d\u00eda 5 de septiembre a las 9:30 en las aulas de Educaci\u00f3n Infantil.<\/li>\n<\/ul>\n<h4>EDUCACI\u00d3N PRIMARIA:<\/h4>\n<ul>\n<li>Reuni\u00f3n de padres de 1\u00baEP, d\u00eda 6 de septiembre a las 9:15 en el Centro Don Bosco.<\/li>\n<\/ul>\n<h4><\/h4>\n<p>[\/et_pb_text][\/et_pb_column][\/et_pb_row][\/et_pb_section]<\/p>\n","protected":false},"excerpt":{"rendered":"<p>EDUCACI\u00d3N INFANTIL: Reuni\u00f3n de padres de alumnos de 1\u00ba EI d\u00eda 5 de septiembre a las 13:00 en las aulas de Educaci\u00f3n Infantil. Reuni\u00f3n de padres de alumnos de\u00a0 2\u00ba y 3\u00ba EI,\u00a0 d\u00eda 5 de septiembre a las 9:30 en las aulas de Educaci\u00f3n Infantil. EDUCACI\u00d3N PRIMARIA: Reuni\u00f3n de padres de 1\u00baEP, d\u00eda 6 [&hellip;]<\/p>\n","protected":false},"author":16,"featured_media":0,"comment_status":"open","ping_status":"open","sticky":false,"template":"","format":"standard","meta":{"_et_pb_use_builder":"on","_et_pb_old_content":"","_et_gb_content_width":"","ngg_post_thumbnail":0,"footnotes":""},"categories":[36,1,41,8,35],"tags":[],"_links":{"self":[{"href":"https:\/\/salesianosatocha.es\/primaria\/wp-json\/wp\/v2\/posts\/4606"}],"collection":[{"href":"https:\/\/salesianosatocha.es\/primaria\/wp-json\/wp\/v2\/posts"}],"about":[{"href":"https:\/\/salesianosatocha.es\/primaria\/wp-json\/wp\/v2\/types\/post"}],"author":[{"embeddable":true,"href":"https:\/\/salesianosatocha.es\/primaria\/wp-json\/wp\/v2\/users\/16"}],"replies":[{"embeddable":true,"href":"https:\/\/salesianosatocha.es\/primaria\/wp-json\/wp\/v2\/comments?post=4606"}],"version-history":[{"count":5,"href":"https:\/\/salesianosatocha.es\/primaria\/wp-json\/wp\/v2\/posts\/4606\/revisions"}],"predecessor-version":[{"id":4612,"href":"https:\/\/salesianosatocha.es\/primaria\/wp-json\/wp\/v2\/posts\/4606\/revisions\/4612"}],"wp:attachment":[{"href":"https:\/\/salesianosatocha.es\/primaria\/wp-json\/wp\/v2\/media?parent=4606"}],"wp:term":[{"taxonomy":"category","embeddable":true,"href":"https:\/\/salesianosatocha.es\/primaria\/wp-json\/wp\/v2\/categories?post=4606"},{"taxonomy":"post_tag","embeddable":true,"href":"https:\/\/salesianosatocha.es\/primaria\/wp-json\/wp\/v2\/tags?post=4606"}],"curies":[{"name":"wp","href":"https:\/\/api.w.org\/{rel}","templated":true}]}}