{"id":6296,"date":"2025-02-24T13:02:31","date_gmt":"2025-02-24T13:02:31","guid":{"rendered":"https:\/\/salesianosatocha.es\/infantil\/?p=6296"},"modified":"2025-02-24T13:02:53","modified_gmt":"2025-02-24T13:02:53","slug":"bocadillo-solidario","status":"publish","type":"post","link":"https:\/\/salesianosatocha.es\/infantil\/2025\/02\/24\/bocadillo-solidario\/","title":{"rendered":"Bocadillo solidario"},"content":{"rendered":"\n<p>Desde infantil damos por finalizada la campa\u00f1a de Manos Unidas para combatir el hambre y la pobreza con la actividad del bocadillo solidario de los trabajadores en Salesianos Atocha.<\/p>\n\n\n\n<p>Otro a\u00f1o m\u00e1s, concienciamos a nuestros alumnos de la importancia de ayudar a los que m\u00e1s lo necesitan. Nos hace mucha ilusi\u00f3n poder participar en esta campa\u00f1a.<\/p>\n\n\n\n<p>Durante las semanas pasadas hemos ido sensibilizando y trabajando la campa\u00f1a desde las aulas con nuestros alumnos.<\/p>\n\n\n\n<p>Adem\u00e1s, desde el colegio se ha realizado un \u201cBocadillo solidario\u201d, donde estudiantes, profesores y personal del centro nos hemos unido para recaudar fondos y crear conciencia sobre la importancia de que compartir es nuestra mayor riqueza.<\/p>\n\n\n\n<p>\u00a1Gracias a todas las familias y personas que han participado en esta campa\u00f1a!<\/p>\n\n\n\n<p>Unidos somos m\u00e1s, somos futuro.<\/p>\n\n\n\n<figure class=\"wp-block-image aligncenter size-full is-resized\"><a href=\"https:\/\/salesianosatocha.es\/infantil\/files\/2025\/02\/image-4.png\"><img loading=\"lazy\" decoding=\"async\" width=\"707\" height=\"717\" src=\"https:\/\/salesianosatocha.es\/infantil\/files\/2025\/02\/image-4.png\" alt=\"\" class=\"wp-image-6297\" style=\"width:316px;height:auto\" srcset=\"https:\/\/salesianosatocha.es\/infantil\/files\/2025\/02\/image-4.png 707w, https:\/\/salesianosatocha.es\/infantil\/files\/2025\/02\/image-4-480x487.png 480w\" sizes=\"(min-width: 0px) and (max-width: 480px) 480px, (min-width: 481px) 707px, 100vw\" \/><\/a><\/figure>\n","protected":false},"excerpt":{"rendered":"<p>Desde infantil damos por finalizada la campa\u00f1a de Manos Unidas para combatir el hambre y la pobreza con la actividad del bocadillo solidario de los trabajadores en Salesianos Atocha. Otro a\u00f1o m\u00e1s, concienciamos a nuestros alumnos de la importancia de ayudar a los que m\u00e1s lo necesitan. Nos hace mucha ilusi\u00f3n poder participar en esta [&hellip;]<\/p>\n","protected":false},"author":14,"featured_media":0,"comment_status":"open","ping_status":"open","sticky":false,"template":"","format":"standard","meta":{"_et_pb_use_builder":"off","_et_pb_old_content":"","_et_gb_content_width":"","ngg_post_thumbnail":0,"footnotes":""},"categories":[13,14,15,16],"tags":[],"_links":{"self":[{"href":"https:\/\/salesianosatocha.es\/infantil\/wp-json\/wp\/v2\/posts\/6296"}],"collection":[{"href":"https:\/\/salesianosatocha.es\/infantil\/wp-json\/wp\/v2\/posts"}],"about":[{"href":"https:\/\/salesianosatocha.es\/infantil\/wp-json\/wp\/v2\/types\/post"}],"author":[{"embeddable":true,"href":"https:\/\/salesianosatocha.es\/infantil\/wp-json\/wp\/v2\/users\/14"}],"replies":[{"embeddable":true,"href":"https:\/\/salesianosatocha.es\/infantil\/wp-json\/wp\/v2\/comments?post=6296"}],"version-history":[{"count":1,"href":"https:\/\/salesianosatocha.es\/infantil\/wp-json\/wp\/v2\/posts\/6296\/revisions"}],"predecessor-version":[{"id":6298,"href":"https:\/\/salesianosatocha.es\/infantil\/wp-json\/wp\/v2\/posts\/6296\/revisions\/6298"}],"wp:attachment":[{"href":"https:\/\/salesianosatocha.es\/infantil\/wp-json\/wp\/v2\/media?parent=6296"}],"wp:term":[{"taxonomy":"category","embeddable":true,"href":"https:\/\/salesianosatocha.es\/infantil\/wp-json\/wp\/v2\/categories?post=6296"},{"taxonomy":"post_tag","embeddable":true,"href":"https:\/\/salesianosatocha.es\/infantil\/wp-json\/wp\/v2\/tags?post=6296"}],"curies":[{"name":"wp","href":"https:\/\/api.w.org\/{rel}","templated":true}]}}