{"id":6155,"date":"2024-09-30T11:23:18","date_gmt":"2024-09-30T11:23:18","guid":{"rendered":"https:\/\/salesianosatocha.es\/infantil\/?p=6155"},"modified":"2024-09-30T11:24:28","modified_gmt":"2024-09-30T11:24:28","slug":"padrinos-y-ahijados-2","status":"publish","type":"post","link":"https:\/\/salesianosatocha.es\/infantil\/2024\/09\/30\/padrinos-y-ahijados-2\/","title":{"rendered":"Padrinos y ahijados"},"content":{"rendered":"\n<h1 class=\"wp-block-heading\"><\/h1>\n\n\n\n<p>Durante el periodo de adaptaci\u00f3n en Infantil , la actividad \u00abPadrinos y Ahijados\u00bb est\u00e1 siendo muy emotiva. Los alumnos de 3\u00ba de EI han guiado a los reci\u00e9n llegados de 1\u00ba de EI, mostr\u00e1ndoles las instalaciones, realizando juegos y actividades varias de manera conjunta &nbsp;y ayud\u00e1ndoles en sus primeros d\u00edas en el cole.<\/p>\n\n\n\n<p>Juntos han disfrutado de juegos y actividades, creando un ambiente de confianza y apoyo que facilita la adaptaci\u00f3n de los m\u00e1s peque\u00f1os. Una iniciativa que refleja el esp\u00edritu de comunidad y cari\u00f1o desde el primer d\u00eda.<\/p>\n\n\n\n<figure class=\"wp-block-image aligncenter size-full\"><a href=\"https:\/\/salesianosatocha.es\/infantil\/files\/2024\/09\/ddd.png\"><img loading=\"lazy\" decoding=\"async\" width=\"552\" height=\"461\" src=\"https:\/\/salesianosatocha.es\/infantil\/files\/2024\/09\/ddd.png\" alt=\"\" class=\"wp-image-6158\" srcset=\"https:\/\/salesianosatocha.es\/infantil\/files\/2024\/09\/ddd.png 552w, https:\/\/salesianosatocha.es\/infantil\/files\/2024\/09\/ddd-480x401.png 480w\" sizes=\"(min-width: 0px) and (max-width: 480px) 480px, (min-width: 481px) 552px, 100vw\" \/><\/a><\/figure>\n","protected":false},"excerpt":{"rendered":"<p>Durante el periodo de adaptaci\u00f3n en Infantil , la actividad \u00abPadrinos y Ahijados\u00bb est\u00e1 siendo muy emotiva. Los alumnos de 3\u00ba de EI han guiado a los reci\u00e9n llegados de 1\u00ba de EI, mostr\u00e1ndoles las instalaciones, realizando juegos y actividades varias de manera conjunta &nbsp;y ayud\u00e1ndoles en sus primeros d\u00edas en el cole. Juntos han [&hellip;]<\/p>\n","protected":false},"author":14,"featured_media":0,"comment_status":"open","ping_status":"open","sticky":false,"template":"","format":"standard","meta":{"_et_pb_use_builder":"off","_et_pb_old_content":"","_et_gb_content_width":"","ngg_post_thumbnail":0,"footnotes":""},"categories":[13,14,15,16],"tags":[],"_links":{"self":[{"href":"https:\/\/salesianosatocha.es\/infantil\/wp-json\/wp\/v2\/posts\/6155"}],"collection":[{"href":"https:\/\/salesianosatocha.es\/infantil\/wp-json\/wp\/v2\/posts"}],"about":[{"href":"https:\/\/salesianosatocha.es\/infantil\/wp-json\/wp\/v2\/types\/post"}],"author":[{"embeddable":true,"href":"https:\/\/salesianosatocha.es\/infantil\/wp-json\/wp\/v2\/users\/14"}],"replies":[{"embeddable":true,"href":"https:\/\/salesianosatocha.es\/infantil\/wp-json\/wp\/v2\/comments?post=6155"}],"version-history":[{"count":2,"href":"https:\/\/salesianosatocha.es\/infantil\/wp-json\/wp\/v2\/posts\/6155\/revisions"}],"predecessor-version":[{"id":6160,"href":"https:\/\/salesianosatocha.es\/infantil\/wp-json\/wp\/v2\/posts\/6155\/revisions\/6160"}],"wp:attachment":[{"href":"https:\/\/salesianosatocha.es\/infantil\/wp-json\/wp\/v2\/media?parent=6155"}],"wp:term":[{"taxonomy":"category","embeddable":true,"href":"https:\/\/salesianosatocha.es\/infantil\/wp-json\/wp\/v2\/categories?post=6155"},{"taxonomy":"post_tag","embeddable":true,"href":"https:\/\/salesianosatocha.es\/infantil\/wp-json\/wp\/v2\/tags?post=6155"}],"curies":[{"name":"wp","href":"https:\/\/api.w.org\/{rel}","templated":true}]}}