{"id":6115,"date":"2024-05-20T13:15:16","date_gmt":"2024-05-20T13:15:16","guid":{"rendered":"https:\/\/salesianosatocha.es\/infantil\/?p=6115"},"modified":"2024-05-20T13:15:17","modified_gmt":"2024-05-20T13:15:17","slug":"verbena-de-san-isidro","status":"publish","type":"post","link":"https:\/\/salesianosatocha.es\/infantil\/2024\/05\/20\/verbena-de-san-isidro\/","title":{"rendered":"Verbena de San Isidro"},"content":{"rendered":"\n<p>Educaci\u00f3n Infantil se llen\u00f3 de alegr\u00eda y color el pasado 14 de mayo, para celebrar la fiesta de San Isidro.<\/p>\n\n\n\n<p>Todos disfrutamos de una jornada especial llena de actividades tradicionales; los ni\u00f1os vestidos de chulapos y chulapas, llenando el ambiente de elegancia y encanto castizo. <\/p>\n\n\n\n<p>El patio del colegio se decor\u00f3 con mantones de Manila, claveles y farolillos, todos realizados por nuestros alumnos en las aulas, creando un entorno festivo que nos transport\u00f3 a las tradicionales verbenas. <\/p>\n\n\n\n<p>Para desayunar las<\/p>\n\n\n\n<p>familias trajeron barquillos y rosquillas para que desayunaran ese d\u00eda profes y alumnos y, a la tarde, en el patio, terminamos bailando chotis escuchando m\u00fasica castiza de San Isidro. <\/p>\n\n\n\n<p>La fiesta de San Isidro en el Colegio Salesiano no solo ha sido una oportunidad para divertirnos y aprender, sino tambi\u00e9n para reforzar nuestros lazos como comunidad educativa y mantener vivas nuestras tradiciones.<\/p>\n\n\n\n<p class=\"has-text-align-left\">\u00a1Viva San Isidro!<\/p>\n\n\n\n<figure class=\"wp-block-image aligncenter size-large is-resized\"><a href=\"https:\/\/salesianosatocha.es\/infantil\/files\/2024\/05\/unnamed-6.jpg\"><img loading=\"lazy\" decoding=\"async\" width=\"1024\" height=\"832\" src=\"https:\/\/salesianosatocha.es\/infantil\/files\/2024\/05\/unnamed-6-1024x832.jpg\" alt=\"\" class=\"wp-image-6116\" style=\"width:351px;height:auto\" srcset=\"https:\/\/salesianosatocha.es\/infantil\/files\/2024\/05\/unnamed-6-980x797.jpg 980w, https:\/\/salesianosatocha.es\/infantil\/files\/2024\/05\/unnamed-6-480x390.jpg 480w\" sizes=\"(min-width: 0px) and (max-width: 480px) 480px, (min-width: 481px) and (max-width: 980px) 980px, (min-width: 981px) 1024px, 100vw\" \/><\/a><\/figure>\n","protected":false},"excerpt":{"rendered":"<p>Educaci\u00f3n Infantil se llen\u00f3 de alegr\u00eda y color el pasado 14 de mayo, para celebrar la fiesta de San Isidro. Todos disfrutamos de una jornada especial llena de actividades tradicionales; los ni\u00f1os vestidos de chulapos y chulapas, llenando el ambiente de elegancia y encanto castizo. El patio del colegio se decor\u00f3 con mantones de Manila, [&hellip;]<\/p>\n","protected":false},"author":14,"featured_media":0,"comment_status":"open","ping_status":"open","sticky":false,"template":"","format":"standard","meta":{"_et_pb_use_builder":"off","_et_pb_old_content":"","_et_gb_content_width":"","ngg_post_thumbnail":0,"footnotes":""},"categories":[13,14,15,16],"tags":[],"_links":{"self":[{"href":"https:\/\/salesianosatocha.es\/infantil\/wp-json\/wp\/v2\/posts\/6115"}],"collection":[{"href":"https:\/\/salesianosatocha.es\/infantil\/wp-json\/wp\/v2\/posts"}],"about":[{"href":"https:\/\/salesianosatocha.es\/infantil\/wp-json\/wp\/v2\/types\/post"}],"author":[{"embeddable":true,"href":"https:\/\/salesianosatocha.es\/infantil\/wp-json\/wp\/v2\/users\/14"}],"replies":[{"embeddable":true,"href":"https:\/\/salesianosatocha.es\/infantil\/wp-json\/wp\/v2\/comments?post=6115"}],"version-history":[{"count":1,"href":"https:\/\/salesianosatocha.es\/infantil\/wp-json\/wp\/v2\/posts\/6115\/revisions"}],"predecessor-version":[{"id":6117,"href":"https:\/\/salesianosatocha.es\/infantil\/wp-json\/wp\/v2\/posts\/6115\/revisions\/6117"}],"wp:attachment":[{"href":"https:\/\/salesianosatocha.es\/infantil\/wp-json\/wp\/v2\/media?parent=6115"}],"wp:term":[{"taxonomy":"category","embeddable":true,"href":"https:\/\/salesianosatocha.es\/infantil\/wp-json\/wp\/v2\/categories?post=6115"},{"taxonomy":"post_tag","embeddable":true,"href":"https:\/\/salesianosatocha.es\/infantil\/wp-json\/wp\/v2\/tags?post=6115"}],"curies":[{"name":"wp","href":"https:\/\/api.w.org\/{rel}","templated":true}]}}