{"id":6080,"date":"2024-04-09T09:35:58","date_gmt":"2024-04-09T09:35:58","guid":{"rendered":"https:\/\/salesianosatocha.es\/infantil\/?p=6080"},"modified":"2024-04-09T09:36:00","modified_gmt":"2024-04-09T09:36:00","slug":"dia-mundial-de-concienciacion-sobre-el-autismo","status":"publish","type":"post","link":"https:\/\/salesianosatocha.es\/infantil\/2024\/04\/09\/dia-mundial-de-concienciacion-sobre-el-autismo\/","title":{"rendered":"D\u00eda Mundial de Concienciaci\u00f3n sobre el Autismo.\u00a0"},"content":{"rendered":"\n<p><\/p>\n\n\n\n<p>Durante la  semana del 2 al 5 de abril, hemos celebrado <strong>el D\u00eda Mundial de Concienciaci\u00f3n sobre el Autismo.\u00a0<\/strong><\/p>\n\n\n\n<p><strong>\u00ab&#8216;Autismo cerca de ti&#8217;:<\/strong> la campa\u00f1a de este a\u00f1o 2024, que impulsa &#8216;un cambio de actitud&#8217; hacia el autismo.<\/p>\n\n\n\n<p>Como Centro Preferente TGD y como&nbsp; muestra de solidaridad y apoyo, nos hemos vestido de azul. Desde los m\u00e1s peque\u00f1os a los mayores, todos nos unimos para mostrar nuestro apoyo y comprensi\u00f3n en una semana llena de actividades divertidas y de unos Buenos D\u00edas muy especiales dirigidos a profesores y alumnos.<\/p>\n\n\n\n<p>Toda la CEP ha podido participar de un photocall y espacio sensorial con diferentes globos, cortinas, texturas, realizado por nuestras compa\u00f1eras del Aula Margarita (Aula TEA).<\/p>\n\n\n\n<figure class=\"wp-block-image aligncenter size-medium\"><a href=\"https:\/\/salesianosatocha.es\/infantil\/files\/2024\/04\/Captura-de-pantalla-2024-04-09-113457.png\"><img loading=\"lazy\" decoding=\"async\" width=\"300\" height=\"197\" src=\"https:\/\/salesianosatocha.es\/infantil\/files\/2024\/04\/Captura-de-pantalla-2024-04-09-113457-300x197.png\" alt=\"\" class=\"wp-image-6081\" \/><\/a><\/figure>\n","protected":false},"excerpt":{"rendered":"<p>Durante la semana del 2 al 5 de abril, hemos celebrado el D\u00eda Mundial de Concienciaci\u00f3n sobre el Autismo.\u00a0 \u00ab&#8216;Autismo cerca de ti&#8217;: la campa\u00f1a de este a\u00f1o 2024, que impulsa &#8216;un cambio de actitud&#8217; hacia el autismo. Como Centro Preferente TGD y como&nbsp; muestra de solidaridad y apoyo, nos hemos vestido de azul. Desde [&hellip;]<\/p>\n","protected":false},"author":14,"featured_media":0,"comment_status":"open","ping_status":"open","sticky":false,"template":"","format":"standard","meta":{"_et_pb_use_builder":"off","_et_pb_old_content":"","_et_gb_content_width":"","ngg_post_thumbnail":0,"footnotes":""},"categories":[13,14,15],"tags":[],"_links":{"self":[{"href":"https:\/\/salesianosatocha.es\/infantil\/wp-json\/wp\/v2\/posts\/6080"}],"collection":[{"href":"https:\/\/salesianosatocha.es\/infantil\/wp-json\/wp\/v2\/posts"}],"about":[{"href":"https:\/\/salesianosatocha.es\/infantil\/wp-json\/wp\/v2\/types\/post"}],"author":[{"embeddable":true,"href":"https:\/\/salesianosatocha.es\/infantil\/wp-json\/wp\/v2\/users\/14"}],"replies":[{"embeddable":true,"href":"https:\/\/salesianosatocha.es\/infantil\/wp-json\/wp\/v2\/comments?post=6080"}],"version-history":[{"count":1,"href":"https:\/\/salesianosatocha.es\/infantil\/wp-json\/wp\/v2\/posts\/6080\/revisions"}],"predecessor-version":[{"id":6082,"href":"https:\/\/salesianosatocha.es\/infantil\/wp-json\/wp\/v2\/posts\/6080\/revisions\/6082"}],"wp:attachment":[{"href":"https:\/\/salesianosatocha.es\/infantil\/wp-json\/wp\/v2\/media?parent=6080"}],"wp:term":[{"taxonomy":"category","embeddable":true,"href":"https:\/\/salesianosatocha.es\/infantil\/wp-json\/wp\/v2\/categories?post=6080"},{"taxonomy":"post_tag","embeddable":true,"href":"https:\/\/salesianosatocha.es\/infantil\/wp-json\/wp\/v2\/tags?post=6080"}],"curies":[{"name":"wp","href":"https:\/\/api.w.org\/{rel}","templated":true}]}}