{"id":6041,"date":"2024-02-19T07:26:12","date_gmt":"2024-02-19T07:26:12","guid":{"rendered":"https:\/\/salesianosatocha.es\/infantil\/?p=6041"},"modified":"2024-02-19T07:26:48","modified_gmt":"2024-02-19T07:26:48","slug":"miercoles-de-ceniza","status":"publish","type":"post","link":"https:\/\/salesianosatocha.es\/infantil\/2024\/02\/19\/miercoles-de-ceniza\/","title":{"rendered":"MI\u00c9RCOLES DE CENIZA"},"content":{"rendered":"\n<p>Infantil comenz\u00f3 el pasado mi\u00e9rcoles 14 de febrero un camino llamado Cuaresma que durar\u00e1 40 d\u00edas y que nos llevar\u00e1 hacia la Pascua.<\/p>\n\n\n\n<p>Un trayecto que nos prepara hac\u00eda el cambio, a cambiar de mirada, a preparar un coraz\u00f3n bondadoso, puro, y lleno de bondad. Los m\u00e1s peque\u00f1os del cole estamos preparando un coraz\u00f3n lleno de cosas buenas que nos ayuden a estar m\u00e1s cerca de Dios.<strong><\/strong><\/p>\n\n\n\n<p>Acabamos la celebraci\u00f3n con pulseras en nuestras mu\u00f1ecas, con el lema de este a\u00f1o de Pastoral.<strong> #UnSue\u00f1oParaTi.<\/strong><strong><\/strong><\/p>\n\n\n\n<p><strong>Todo esto y muchos m\u00e1s te lo podremos presentar el d\u00eda 9 de marzo a partir de las 10:00h, en #PuertasAbiertasAtocha.<\/strong><\/p>\n\n\n\n<p><\/p>\n\n\n\n<figure class=\"wp-block-image aligncenter size-full\"><a href=\"https:\/\/salesianosatocha.es\/infantil\/files\/2024\/02\/ceniza.png\"><img loading=\"lazy\" decoding=\"async\" width=\"404\" height=\"404\" src=\"https:\/\/salesianosatocha.es\/infantil\/files\/2024\/02\/ceniza.png\" alt=\"\" class=\"wp-image-6042\" srcset=\"https:\/\/salesianosatocha.es\/infantil\/files\/2024\/02\/ceniza.png 404w, https:\/\/salesianosatocha.es\/infantil\/files\/2024\/02\/ceniza-300x300.png 300w, https:\/\/salesianosatocha.es\/infantil\/files\/2024\/02\/ceniza-150x150.png 150w\" sizes=\"(max-width: 404px) 100vw, 404px\" \/><\/a><\/figure>\n","protected":false},"excerpt":{"rendered":"<p>Infantil comenz\u00f3 el pasado mi\u00e9rcoles 14 de febrero un camino llamado Cuaresma que durar\u00e1 40 d\u00edas y que nos llevar\u00e1 hacia la Pascua. Un trayecto que nos prepara hac\u00eda el cambio, a cambiar de mirada, a preparar un coraz\u00f3n bondadoso, puro, y lleno de bondad. Los m\u00e1s peque\u00f1os del cole estamos preparando un coraz\u00f3n lleno [&hellip;]<\/p>\n","protected":false},"author":14,"featured_media":0,"comment_status":"open","ping_status":"open","sticky":false,"template":"","format":"standard","meta":{"_et_pb_use_builder":"off","_et_pb_old_content":"","_et_gb_content_width":"","ngg_post_thumbnail":0,"footnotes":""},"categories":[13,14,15,22],"tags":[],"_links":{"self":[{"href":"https:\/\/salesianosatocha.es\/infantil\/wp-json\/wp\/v2\/posts\/6041"}],"collection":[{"href":"https:\/\/salesianosatocha.es\/infantil\/wp-json\/wp\/v2\/posts"}],"about":[{"href":"https:\/\/salesianosatocha.es\/infantil\/wp-json\/wp\/v2\/types\/post"}],"author":[{"embeddable":true,"href":"https:\/\/salesianosatocha.es\/infantil\/wp-json\/wp\/v2\/users\/14"}],"replies":[{"embeddable":true,"href":"https:\/\/salesianosatocha.es\/infantil\/wp-json\/wp\/v2\/comments?post=6041"}],"version-history":[{"count":2,"href":"https:\/\/salesianosatocha.es\/infantil\/wp-json\/wp\/v2\/posts\/6041\/revisions"}],"predecessor-version":[{"id":6044,"href":"https:\/\/salesianosatocha.es\/infantil\/wp-json\/wp\/v2\/posts\/6041\/revisions\/6044"}],"wp:attachment":[{"href":"https:\/\/salesianosatocha.es\/infantil\/wp-json\/wp\/v2\/media?parent=6041"}],"wp:term":[{"taxonomy":"category","embeddable":true,"href":"https:\/\/salesianosatocha.es\/infantil\/wp-json\/wp\/v2\/categories?post=6041"},{"taxonomy":"post_tag","embeddable":true,"href":"https:\/\/salesianosatocha.es\/infantil\/wp-json\/wp\/v2\/tags?post=6041"}],"curies":[{"name":"wp","href":"https:\/\/api.w.org\/{rel}","templated":true}]}}