{"id":6013,"date":"2024-01-21T10:12:15","date_gmt":"2024-01-21T10:12:15","guid":{"rendered":"https:\/\/salesianosatocha.es\/infantil\/?p=6013"},"modified":"2024-01-21T10:13:58","modified_gmt":"2024-01-21T10:13:58","slug":"los-pequenos-gutenberg-visitan-artes-graficas","status":"publish","type":"post","link":"https:\/\/salesianosatocha.es\/infantil\/2024\/01\/21\/los-pequenos-gutenberg-visitan-artes-graficas\/","title":{"rendered":"Los peque\u00f1os \u201cGutenberg\u201d visitan Artes Gr\u00e1ficas.\u00a0"},"content":{"rendered":"\n<p>Nuestra secci\u00f3n de Artes Gr\u00e1ficas ha vuelto a volcarse con los ni\u00f1os de Educaci\u00f3n Infantil mostr\u00e1ndoles los grandes secretos que una imprenta alberga.<\/p>\n\n\n\n<p>Complementando el proyecto en ABP \u00abEureka\u00bb, los alumnos y profesores de Ciclo de Grado Medio han apartado por un segundo sus mil y un asuntos por compartir su gran pasi\u00f3n, las artes gr\u00e1ficas, a los alumnos de 2\u00ba de Infantil.\u00a0 Queda demostrado, y en este caso \u201cnegro sobre blanco\u201d, que educar es cosa del coraz\u00f3n en Salesianos Atocha.<\/p>\n\n\n\n<figure class=\"wp-block-image aligncenter size-medium\"><a href=\"https:\/\/salesianosatocha.es\/infantil\/files\/2024\/01\/IMPRENTA.jpg\"><img loading=\"lazy\" decoding=\"async\" width=\"300\" height=\"225\" src=\"https:\/\/salesianosatocha.es\/infantil\/files\/2024\/01\/IMPRENTA-300x225.jpg\" alt=\"\" class=\"wp-image-6014\" \/><\/a><\/figure>\n","protected":false},"excerpt":{"rendered":"<p>Nuestra secci\u00f3n de Artes Gr\u00e1ficas ha vuelto a volcarse con los ni\u00f1os de Educaci\u00f3n Infantil mostr\u00e1ndoles los grandes secretos que una imprenta alberga. Complementando el proyecto en ABP \u00abEureka\u00bb, los alumnos y profesores de Ciclo de Grado Medio han apartado por un segundo sus mil y un asuntos por compartir su gran pasi\u00f3n, las artes [&hellip;]<\/p>\n","protected":false},"author":14,"featured_media":0,"comment_status":"open","ping_status":"open","sticky":false,"template":"","format":"standard","meta":{"_et_pb_use_builder":"off","_et_pb_old_content":"","_et_gb_content_width":"","ngg_post_thumbnail":0,"footnotes":""},"categories":[14],"tags":[],"_links":{"self":[{"href":"https:\/\/salesianosatocha.es\/infantil\/wp-json\/wp\/v2\/posts\/6013"}],"collection":[{"href":"https:\/\/salesianosatocha.es\/infantil\/wp-json\/wp\/v2\/posts"}],"about":[{"href":"https:\/\/salesianosatocha.es\/infantil\/wp-json\/wp\/v2\/types\/post"}],"author":[{"embeddable":true,"href":"https:\/\/salesianosatocha.es\/infantil\/wp-json\/wp\/v2\/users\/14"}],"replies":[{"embeddable":true,"href":"https:\/\/salesianosatocha.es\/infantil\/wp-json\/wp\/v2\/comments?post=6013"}],"version-history":[{"count":1,"href":"https:\/\/salesianosatocha.es\/infantil\/wp-json\/wp\/v2\/posts\/6013\/revisions"}],"predecessor-version":[{"id":6015,"href":"https:\/\/salesianosatocha.es\/infantil\/wp-json\/wp\/v2\/posts\/6013\/revisions\/6015"}],"wp:attachment":[{"href":"https:\/\/salesianosatocha.es\/infantil\/wp-json\/wp\/v2\/media?parent=6013"}],"wp:term":[{"taxonomy":"category","embeddable":true,"href":"https:\/\/salesianosatocha.es\/infantil\/wp-json\/wp\/v2\/categories?post=6013"},{"taxonomy":"post_tag","embeddable":true,"href":"https:\/\/salesianosatocha.es\/infantil\/wp-json\/wp\/v2\/tags?post=6013"}],"curies":[{"name":"wp","href":"https:\/\/api.w.org\/{rel}","templated":true}]}}