{"id":5952,"date":"2023-10-11T18:39:17","date_gmt":"2023-10-11T18:39:17","guid":{"rendered":"https:\/\/salesianosatocha.es\/infantil\/?p=5952"},"modified":"2023-10-11T18:39:18","modified_gmt":"2023-10-11T18:39:18","slug":"celebracion-de-bienvenida","status":"publish","type":"post","link":"https:\/\/salesianosatocha.es\/infantil\/2023\/10\/11\/celebracion-de-bienvenida\/","title":{"rendered":"CELEBRACI\u00d3N DE BIENVENIDA."},"content":{"rendered":"\n<p>Desde comienzo de curso el nivel de 5 a\u00f1os ha acompa\u00f1ando a los benjamines de 3 a\u00f1os que se incorporan a nuestra gran familia Salesiana.<\/p>\n\n\n\n<p>Se han realizado diversas actividades para hacerles esta nueva etapa un poco m\u00e1s f\u00e1cil y agradable.<\/p>\n\n\n\n<p>Hemos visitado las instalaciones del cole para ayudarles a ubicarse: como la sala de psicomotricidad y siesta, el comedor, Bachillerato,el patio, las aulas&#8230; <\/p>\n\n\n\n<p>Hemos ayudado a nuestros apadrinados a subir por las escaleras al aula, a colocar sus mochilas, a realizar asambleas juntos para conocernos un poco m\u00e1s. <\/p>\n\n\n\n<p>Hoy hemos querido realizar una celebraci\u00f3n de Bienvenida en la cripta para culminar esta bonita actividad, aunque esto \u00a1no acaba aqu\u00ed!, el resto del curso seguiremos ayudando a nuestros apadrinados en todo aquello que necesiten y acompa\u00f1\u00e1ndolos en este bonito camino que acaban de comenzar.<\/p>\n\n\n\n<figure class=\"wp-block-image aligncenter size-medium is-resized\"><a href=\"https:\/\/salesianosatocha.es\/infantil\/files\/2023\/10\/PHOTO-2023-10-11-18-35-58.jpg\"><img loading=\"lazy\" decoding=\"async\" src=\"https:\/\/salesianosatocha.es\/infantil\/files\/2023\/10\/PHOTO-2023-10-11-18-35-58-181x300.jpg\" alt=\"\" class=\"wp-image-5953\" style=\"width:199px;height:330px\" width=\"199\" height=\"330\" \/><\/a><\/figure>\n","protected":false},"excerpt":{"rendered":"<p>Desde comienzo de curso el nivel de 5 a\u00f1os ha acompa\u00f1ando a los benjamines de 3 a\u00f1os que se incorporan a nuestra gran familia Salesiana. Se han realizado diversas actividades para hacerles esta nueva etapa un poco m\u00e1s f\u00e1cil y agradable. Hemos visitado las instalaciones del cole para ayudarles a ubicarse: como la sala de [&hellip;]<\/p>\n","protected":false},"author":14,"featured_media":0,"comment_status":"open","ping_status":"open","sticky":false,"template":"","format":"standard","meta":{"_et_pb_use_builder":"off","_et_pb_old_content":"","_et_gb_content_width":"","ngg_post_thumbnail":0,"footnotes":""},"categories":[16,22],"tags":[],"_links":{"self":[{"href":"https:\/\/salesianosatocha.es\/infantil\/wp-json\/wp\/v2\/posts\/5952"}],"collection":[{"href":"https:\/\/salesianosatocha.es\/infantil\/wp-json\/wp\/v2\/posts"}],"about":[{"href":"https:\/\/salesianosatocha.es\/infantil\/wp-json\/wp\/v2\/types\/post"}],"author":[{"embeddable":true,"href":"https:\/\/salesianosatocha.es\/infantil\/wp-json\/wp\/v2\/users\/14"}],"replies":[{"embeddable":true,"href":"https:\/\/salesianosatocha.es\/infantil\/wp-json\/wp\/v2\/comments?post=5952"}],"version-history":[{"count":1,"href":"https:\/\/salesianosatocha.es\/infantil\/wp-json\/wp\/v2\/posts\/5952\/revisions"}],"predecessor-version":[{"id":5954,"href":"https:\/\/salesianosatocha.es\/infantil\/wp-json\/wp\/v2\/posts\/5952\/revisions\/5954"}],"wp:attachment":[{"href":"https:\/\/salesianosatocha.es\/infantil\/wp-json\/wp\/v2\/media?parent=5952"}],"wp:term":[{"taxonomy":"category","embeddable":true,"href":"https:\/\/salesianosatocha.es\/infantil\/wp-json\/wp\/v2\/categories?post=5952"},{"taxonomy":"post_tag","embeddable":true,"href":"https:\/\/salesianosatocha.es\/infantil\/wp-json\/wp\/v2\/tags?post=5952"}],"curies":[{"name":"wp","href":"https:\/\/api.w.org\/{rel}","templated":true}]}}