{"id":5882,"date":"2023-01-24T12:36:58","date_gmt":"2023-01-24T12:36:58","guid":{"rendered":"http:\/\/salesianosatocha.es\/infantil\/?p=5882"},"modified":"2023-01-24T12:37:00","modified_gmt":"2023-01-24T12:37:00","slug":"intercambio-de-buenas-practicas-de-centros-preferentes-en-tgd-en-salesianos-atocha","status":"publish","type":"post","link":"https:\/\/salesianosatocha.es\/infantil\/2023\/01\/24\/intercambio-de-buenas-practicas-de-centros-preferentes-en-tgd-en-salesianos-atocha\/","title":{"rendered":"INTERCAMBIO DE BUENAS PR\u00c1CTICAS DE CENTROS PREFERENTES EN TGD EN SALESIANOS ATOCHA."},"content":{"rendered":"\n<p>El primer encuentro grupal de colegios p\u00fablicos y concertados preferentes TGD de la zona, atendidos&nbsp; por miembros del Equipo Espec\u00edfico de Alteraciones Graves del Desarrollo ha tenido lugar en nuestro colegio.&nbsp;<\/p>\n\n\n\n<p>En esta gran iniciativa se ha trabajado, en una primera parte de la ma\u00f1ana, con los Equipos Directivos y Equipos de Orientaci\u00f3n abordando las posibles l\u00edneas de trabajo con las familias de nuestros centros. Para ello hemos contado con la colaboraci\u00f3n fundamental de la PTSC del equipo AGD, D\u00aa Cristina Bravo y con la Asesora del AGD, D\u00aa Julia Romero Bernal.<\/p>\n\n\n\n<p>En la segunda parte de la ma\u00f1ana hemos abordado la tem\u00e1tica de comunicaci\u00f3n en TEA con los profesionales del aula de apoyo y orientadores. Ha sido un espacio de encuentro entre varios centros que comparten la experiencia de iniciar el proyecto de centro preferente. Y sobre todo, para la creaci\u00f3n de una red de trabajo y apoyo entre los distintos centros p\u00fablicos y concertados del barrio.&nbsp;<\/p>\n\n\n\n<p>Se ha terminado el encuentro con la visita al aula \u00abMargarita\u00bb (Aula TEA) de la mano de nuestra PT y TSIS del aula.<\/p>\n\n\n\n<p>&nbsp;Abriendo caminos y construyendo juntos en este bonito camino de la educaci\u00f3n. M\u00e1s informaci\u00f3n en #PuertaAbiertasAtocha. S\u00e1bado 11 de marzo de 2023. Jornada de Ma\u00f1ana.<\/p>\n\n\n\n<p><\/p>\n\n\n\n<figure class=\"wp-block-image aligncenter size-medium is-resized\"><a href=\"https:\/\/salesianosatocha.es\/infantil\/files\/2023\/01\/IMG_6374.jpg\"><img loading=\"lazy\" decoding=\"async\" src=\"https:\/\/salesianosatocha.es\/infantil\/files\/2023\/01\/IMG_6374-300x225.jpg\" alt=\"\" class=\"wp-image-5883\" width=\"272\" height=\"204\" \/><\/a><\/figure>\n","protected":false},"excerpt":{"rendered":"<p>El primer encuentro grupal de colegios p\u00fablicos y concertados preferentes TGD de la zona, atendidos&nbsp; por miembros del Equipo Espec\u00edfico de Alteraciones Graves del Desarrollo ha tenido lugar en nuestro colegio.&nbsp; En esta gran iniciativa se ha trabajado, en una primera parte de la ma\u00f1ana, con los Equipos Directivos y Equipos de Orientaci\u00f3n abordando las [&hellip;]<\/p>\n","protected":false},"author":14,"featured_media":0,"comment_status":"open","ping_status":"open","sticky":false,"template":"","format":"standard","meta":{"_et_pb_use_builder":"off","_et_pb_old_content":"","_et_gb_content_width":"","ngg_post_thumbnail":0,"footnotes":""},"categories":[16],"tags":[],"_links":{"self":[{"href":"https:\/\/salesianosatocha.es\/infantil\/wp-json\/wp\/v2\/posts\/5882"}],"collection":[{"href":"https:\/\/salesianosatocha.es\/infantil\/wp-json\/wp\/v2\/posts"}],"about":[{"href":"https:\/\/salesianosatocha.es\/infantil\/wp-json\/wp\/v2\/types\/post"}],"author":[{"embeddable":true,"href":"https:\/\/salesianosatocha.es\/infantil\/wp-json\/wp\/v2\/users\/14"}],"replies":[{"embeddable":true,"href":"https:\/\/salesianosatocha.es\/infantil\/wp-json\/wp\/v2\/comments?post=5882"}],"version-history":[{"count":3,"href":"https:\/\/salesianosatocha.es\/infantil\/wp-json\/wp\/v2\/posts\/5882\/revisions"}],"predecessor-version":[{"id":5886,"href":"https:\/\/salesianosatocha.es\/infantil\/wp-json\/wp\/v2\/posts\/5882\/revisions\/5886"}],"wp:attachment":[{"href":"https:\/\/salesianosatocha.es\/infantil\/wp-json\/wp\/v2\/media?parent=5882"}],"wp:term":[{"taxonomy":"category","embeddable":true,"href":"https:\/\/salesianosatocha.es\/infantil\/wp-json\/wp\/v2\/categories?post=5882"},{"taxonomy":"post_tag","embeddable":true,"href":"https:\/\/salesianosatocha.es\/infantil\/wp-json\/wp\/v2\/tags?post=5882"}],"curies":[{"name":"wp","href":"https:\/\/api.w.org\/{rel}","templated":true}]}}