{"id":5731,"date":"2022-02-24T18:33:56","date_gmt":"2022-02-24T18:33:56","guid":{"rendered":"http:\/\/salesianosatocha.es\/infantil\/?p=5731"},"modified":"2022-02-24T18:33:57","modified_gmt":"2022-02-24T18:33:57","slug":"celebramos-carnaval-carnaval","status":"publish","type":"post","link":"https:\/\/salesianosatocha.es\/infantil\/2022\/02\/24\/celebramos-carnaval-carnaval\/","title":{"rendered":"\u00a1CELEBRAMOS CARNAVAL, CARNAVAL!"},"content":{"rendered":"\n<p>Estos d\u00edas atr\u00e1s hemos ido calentando motores para esta fiesta.<\/p>\n\n\n\n<p>El martes trajimos calcetines de distintos colores, estuvimos emocionados ense\u00f1\u00e1ndolos. <\/p>\n\n\n\n<p>El mi\u00e9rcoles salimos del cole con un complemento sorpresa \u00a1HICIMOS UNA CARETA! Fue muy divertido ver las caretas de todos nuestros compa\u00f1eros de las distintas clases.\u00a0<\/p>\n\n\n\n<p>El jueves, como colof\u00f3n hemos venido todos disfrazados, vistiendo nuestro colegio de color y alegr\u00eda. Hemos bailado, re\u00eddo, cantado y  ense\u00f1ado nuestros disfraces en un desfile\u2026 respetando siempre las medidas de seguridad.\u00a0<\/p>\n\n\n\n<p class=\"has-text-align-center\">\u00a1NOS LO HEMOS PASADO GENIAL!\u00a0\u00a0<\/p>\n\n\n\n<figure class=\"wp-block-image size-large\"><a href=\"https:\/\/salesianosatocha.es\/infantil\/files\/2022\/02\/Imagen-1.jpg\"><img loading=\"lazy\" decoding=\"async\" width=\"1024\" height=\"769\" src=\"https:\/\/salesianosatocha.es\/infantil\/files\/2022\/02\/Imagen-1-1024x769.jpg\" alt=\"\" class=\"wp-image-5732\" srcset=\"https:\/\/salesianosatocha.es\/infantil\/files\/2022\/02\/Imagen-1-1024x769.jpg 1024w, https:\/\/salesianosatocha.es\/infantil\/files\/2022\/02\/Imagen-1-980x736.jpg 980w, https:\/\/salesianosatocha.es\/infantil\/files\/2022\/02\/Imagen-1-480x360.jpg 480w\" sizes=\"(min-width: 0px) and (max-width: 480px) 480px, (min-width: 481px) and (max-width: 980px) 980px, (min-width: 981px) 1024px, 100vw\" \/><\/a><\/figure>\n","protected":false},"excerpt":{"rendered":"<p>Estos d\u00edas atr\u00e1s hemos ido calentando motores para esta fiesta. El martes trajimos calcetines de distintos colores, estuvimos emocionados ense\u00f1\u00e1ndolos. El mi\u00e9rcoles salimos del cole con un complemento sorpresa \u00a1HICIMOS UNA CARETA! Fue muy divertido ver las caretas de todos nuestros compa\u00f1eros de las distintas clases.\u00a0 El jueves, como colof\u00f3n hemos venido todos disfrazados, vistiendo [&hellip;]<\/p>\n","protected":false},"author":14,"featured_media":0,"comment_status":"open","ping_status":"open","sticky":false,"template":"","format":"standard","meta":{"_et_pb_use_builder":"off","_et_pb_old_content":"","_et_gb_content_width":"","ngg_post_thumbnail":0,"footnotes":""},"categories":[1],"tags":[],"_links":{"self":[{"href":"https:\/\/salesianosatocha.es\/infantil\/wp-json\/wp\/v2\/posts\/5731"}],"collection":[{"href":"https:\/\/salesianosatocha.es\/infantil\/wp-json\/wp\/v2\/posts"}],"about":[{"href":"https:\/\/salesianosatocha.es\/infantil\/wp-json\/wp\/v2\/types\/post"}],"author":[{"embeddable":true,"href":"https:\/\/salesianosatocha.es\/infantil\/wp-json\/wp\/v2\/users\/14"}],"replies":[{"embeddable":true,"href":"https:\/\/salesianosatocha.es\/infantil\/wp-json\/wp\/v2\/comments?post=5731"}],"version-history":[{"count":1,"href":"https:\/\/salesianosatocha.es\/infantil\/wp-json\/wp\/v2\/posts\/5731\/revisions"}],"predecessor-version":[{"id":5733,"href":"https:\/\/salesianosatocha.es\/infantil\/wp-json\/wp\/v2\/posts\/5731\/revisions\/5733"}],"wp:attachment":[{"href":"https:\/\/salesianosatocha.es\/infantil\/wp-json\/wp\/v2\/media?parent=5731"}],"wp:term":[{"taxonomy":"category","embeddable":true,"href":"https:\/\/salesianosatocha.es\/infantil\/wp-json\/wp\/v2\/categories?post=5731"},{"taxonomy":"post_tag","embeddable":true,"href":"https:\/\/salesianosatocha.es\/infantil\/wp-json\/wp\/v2\/tags?post=5731"}],"curies":[{"name":"wp","href":"https:\/\/api.w.org\/{rel}","templated":true}]}}