{"id":4912,"date":"2020-02-26T17:53:09","date_gmt":"2020-02-26T15:53:09","guid":{"rendered":"http:\/\/salesianosatocha.es\/eso\/?p=4912"},"modified":"2020-02-26T17:53:12","modified_gmt":"2020-02-26T15:53:12","slug":"visita-de-la-directora-de-cine-arantxa-echevarria","status":"publish","type":"post","link":"https:\/\/salesianosatocha.es\/eso\/2020\/02\/26\/visita-de-la-directora-de-cine-arantxa-echevarria\/","title":{"rendered":"Visita de la directora de cine Arantxa Echevarr\u00eda."},"content":{"rendered":"\n<p> Visita de la directora de cine <strong>Arantxa Echevarr\u00eda<\/strong>. Un aut\u00e9ntico lujo. <strong>Ganadora del Goya<\/strong> a la mejor direcci\u00f3n novel 2019 por la pel\u00edcula <strong><em>Carmen y Lola<\/em><\/strong>. Chicos de Audiovisuales y E.S.O. compartiendo la experiencia.<br>#DonBoscopatr\u00f3ndelcine<br>#educandoconelcoraz\u00f3n <\/p>\n\n\n\n<div class=\"wp-block-group\"><div class=\"wp-block-group__inner-container is-layout-flow wp-block-group-is-layout-flow\">\n<figure class=\"wp-block-gallery columns-3 is-cropped wp-block-gallery-1 is-layout-flex wp-block-gallery-is-layout-flex\"><ul class=\"blocks-gallery-grid\"><li class=\"blocks-gallery-item\"><figure><img loading=\"lazy\" decoding=\"async\" width=\"1024\" height=\"576\" src=\"https:\/\/salesianosatocha.es\/eso\/files\/2020\/02\/PHOTO-2020-02-26-15-47-08-1-1024x576.jpg\" alt=\"\" data-id=\"4914\" data-link=\"https:\/\/salesianosatocha.es\/eso\/?attachment_id=4914\" class=\"wp-image-4914\" srcset=\"https:\/\/salesianosatocha.es\/eso\/files\/2020\/02\/PHOTO-2020-02-26-15-47-08-1-980x551.jpg 980w, https:\/\/salesianosatocha.es\/eso\/files\/2020\/02\/PHOTO-2020-02-26-15-47-08-1-480x270.jpg 480w\" sizes=\"(min-width: 0px) and (max-width: 480px) 480px, (min-width: 481px) and (max-width: 980px) 980px, (min-width: 981px) 1024px, 100vw\" \/><\/figure><\/li><li class=\"blocks-gallery-item\"><figure><img loading=\"lazy\" decoding=\"async\" width=\"653\" height=\"1024\" src=\"https:\/\/salesianosatocha.es\/eso\/files\/2020\/02\/PHOTO-2020-02-26-15-47-08-1-1-653x1024.jpg\" alt=\"\" data-id=\"4915\" data-link=\"https:\/\/salesianosatocha.es\/eso\/?attachment_id=4915\" class=\"wp-image-4915\" srcset=\"https:\/\/salesianosatocha.es\/eso\/files\/2020\/02\/PHOTO-2020-02-26-15-47-08-1-1-653x1024.jpg 653w, https:\/\/salesianosatocha.es\/eso\/files\/2020\/02\/PHOTO-2020-02-26-15-47-08-1-1-480x753.jpg 480w\" sizes=\"(min-width: 0px) and (max-width: 480px) 480px, (min-width: 481px) 653px, 100vw\" \/><\/figure><\/li><li class=\"blocks-gallery-item\"><figure><img loading=\"lazy\" decoding=\"async\" width=\"1024\" height=\"768\" src=\"https:\/\/salesianosatocha.es\/eso\/files\/2020\/02\/PHOTO-2020-02-26-16-41-53-1024x768.jpg\" alt=\"\" data-id=\"4917\" data-link=\"https:\/\/salesianosatocha.es\/eso\/?attachment_id=4917\" class=\"wp-image-4917\" srcset=\"https:\/\/salesianosatocha.es\/eso\/files\/2020\/02\/PHOTO-2020-02-26-16-41-53-980x735.jpg 980w, https:\/\/salesianosatocha.es\/eso\/files\/2020\/02\/PHOTO-2020-02-26-16-41-53-480x360.jpg 480w\" sizes=\"(min-width: 0px) and (max-width: 480px) 480px, (min-width: 481px) and (max-width: 980px) 980px, (min-width: 981px) 1024px, 100vw\" \/><\/figure><\/li><li class=\"blocks-gallery-item\"><figure><img loading=\"lazy\" decoding=\"async\" width=\"768\" height=\"1024\" src=\"https:\/\/salesianosatocha.es\/eso\/files\/2020\/02\/PHOTO-2020-02-26-15-47-08-2-1-768x1024.jpg\" alt=\"\" data-id=\"4919\" data-full-url=\"https:\/\/salesianosatocha.es\/eso\/files\/2020\/02\/PHOTO-2020-02-26-15-47-08-2-1.jpg\" data-link=\"https:\/\/salesianosatocha.es\/eso\/?attachment_id=4919\" class=\"wp-image-4919\" \/><\/figure><\/li><\/ul><\/figure>\n<\/div><\/div>\n\n\n\n<figure class=\"wp-block-gallery columns-0 is-cropped wp-block-gallery-2 is-layout-flex wp-block-gallery-is-layout-flex\"><ul class=\"blocks-gallery-grid\"><\/ul><\/figure>\n","protected":false},"excerpt":{"rendered":"<p>Visita de la directora de cine Arantxa Echevarr\u00eda. Un aut\u00e9ntico lujo. Ganadora del Goya a la mejor direcci\u00f3n novel 2019 por la pel\u00edcula Carmen y Lola. Chicos de Audiovisuales y E.S.O. compartiendo la experiencia.#DonBoscopatr\u00f3ndelcine#educandoconelcoraz\u00f3n<\/p>\n","protected":false},"author":83,"featured_media":0,"comment_status":"open","ping_status":"open","sticky":false,"template":"","format":"standard","meta":{"_et_pb_use_builder":"off","_et_pb_old_content":"","_et_gb_content_width":"","ngg_post_thumbnail":0,"footnotes":""},"categories":[1],"tags":[],"_links":{"self":[{"href":"https:\/\/salesianosatocha.es\/eso\/wp-json\/wp\/v2\/posts\/4912"}],"collection":[{"href":"https:\/\/salesianosatocha.es\/eso\/wp-json\/wp\/v2\/posts"}],"about":[{"href":"https:\/\/salesianosatocha.es\/eso\/wp-json\/wp\/v2\/types\/post"}],"author":[{"embeddable":true,"href":"https:\/\/salesianosatocha.es\/eso\/wp-json\/wp\/v2\/users\/83"}],"replies":[{"embeddable":true,"href":"https:\/\/salesianosatocha.es\/eso\/wp-json\/wp\/v2\/comments?post=4912"}],"version-history":[{"count":3,"href":"https:\/\/salesianosatocha.es\/eso\/wp-json\/wp\/v2\/posts\/4912\/revisions"}],"predecessor-version":[{"id":4921,"href":"https:\/\/salesianosatocha.es\/eso\/wp-json\/wp\/v2\/posts\/4912\/revisions\/4921"}],"wp:attachment":[{"href":"https:\/\/salesianosatocha.es\/eso\/wp-json\/wp\/v2\/media?parent=4912"}],"wp:term":[{"taxonomy":"category","embeddable":true,"href":"https:\/\/salesianosatocha.es\/eso\/wp-json\/wp\/v2\/categories?post=4912"},{"taxonomy":"post_tag","embeddable":true,"href":"https:\/\/salesianosatocha.es\/eso\/wp-json\/wp\/v2\/tags?post=4912"}],"curies":[{"name":"wp","href":"https:\/\/api.w.org\/{rel}","templated":true}]}}