{"id":4853,"date":"2019-05-21T14:10:50","date_gmt":"2019-05-21T12:10:50","guid":{"rendered":"http:\/\/salesianosatocha.es\/eso\/?p=4853"},"modified":"2019-05-21T14:28:36","modified_gmt":"2019-05-21T12:28:36","slug":"intercambio-friburgo-2019","status":"publish","type":"post","link":"https:\/\/salesianosatocha.es\/eso\/2019\/05\/21\/intercambio-friburgo-2019\/","title":{"rendered":"Intercambio Friburgo 2019"},"content":{"rendered":"\n<p>La semana pasada, algunos alumnos de 3\u00ba de la ESO, estuvimos de Intercambio en una ciudad alemana muy bonita llamada <strong>Friburgo<\/strong>. <strong>Friburgo<\/strong> se encuentra en el sureste de Alemania, muy cerca de la frontera con Francia y Suiza.<\/p>\n\n\n\n<p>Ha sido una experiencia maravillosa estar visitando la ciudad y conocer todas las costumbres alemanas. Hemos visitado un mont\u00f3n de lugares: su Catedral, la plaza del mercado donde pudimos degustar las t\u00edpicas salchichas alemanas, la Selva Negra, un fant\u00e1stico parque de tirolinas en la poblaci\u00f3n de Kenzingen, la bonita ciudad francesa de Colmar con sus caracter\u00edsticas casitas de colores,&#8230;.<\/p>\n\n\n\n<p>Algunas tardes ten\u00edamos actividades y otras est\u00e1bamos con nuestras familias alemanas. Las familias han sido muy majas y acogedoras, y tuvimos la oportunidad de conocer a todas ellas en una gran barbacoa el ultimo d\u00eda&#8230;.lo pasamos genial.<\/p>\n\n\n\n<p>Es una experiencia irrepetible que sin duda recomendamos a todos los alumnos que cursan la asignatura de alem\u00e1n. Un saludo.<\/p>\n\n\n\n<p>Laura Sancho y Ruth Garc\u00eda. Alumnas de 3\u00baD de la ESO<\/p>\n\n\n\n<p><\/p>\n\n\n\n<ul class=\"wp-block-gallery columns-3 is-cropped wp-block-gallery-1 is-layout-flex wp-block-gallery-is-layout-flex\"><li class=\"blocks-gallery-item\"><figure><img loading=\"lazy\" decoding=\"async\" width=\"1024\" height=\"768\" src=\"https:\/\/salesianosatocha.es\/eso\/files\/2019\/05\/IMG-1279-1-1024x768.jpg\" alt=\"\" data-id=\"4858\" data-link=\"https:\/\/salesianosatocha.es\/eso\/2019\/05\/21\/intercambio-friburgo-2019\/img-1279-1\/\" class=\"wp-image-4858\" srcset=\"https:\/\/salesianosatocha.es\/eso\/files\/2019\/05\/IMG-1279-1-1024x768.jpg 1024w, https:\/\/salesianosatocha.es\/eso\/files\/2019\/05\/IMG-1279-1-300x225.jpg 300w, https:\/\/salesianosatocha.es\/eso\/files\/2019\/05\/IMG-1279-1-768x576.jpg 768w, https:\/\/salesianosatocha.es\/eso\/files\/2019\/05\/IMG-1279-1-510x382.jpg 510w, https:\/\/salesianosatocha.es\/eso\/files\/2019\/05\/IMG-1279-1-1080x810.jpg 1080w\" sizes=\"(max-width: 1024px) 100vw, 1024px\" \/><\/figure><\/li><li class=\"blocks-gallery-item\"><figure><img loading=\"lazy\" decoding=\"async\" width=\"1024\" height=\"768\" src=\"https:\/\/salesianosatocha.es\/eso\/files\/2019\/05\/IMG-1308-2-1024x768.jpg\" alt=\"\" data-id=\"4859\" data-link=\"https:\/\/salesianosatocha.es\/eso\/2019\/05\/21\/intercambio-friburgo-2019\/img-1308-2\/\" class=\"wp-image-4859\" srcset=\"https:\/\/salesianosatocha.es\/eso\/files\/2019\/05\/IMG-1308-2-1024x768.jpg 1024w, https:\/\/salesianosatocha.es\/eso\/files\/2019\/05\/IMG-1308-2-300x225.jpg 300w, https:\/\/salesianosatocha.es\/eso\/files\/2019\/05\/IMG-1308-2-768x576.jpg 768w, https:\/\/salesianosatocha.es\/eso\/files\/2019\/05\/IMG-1308-2-510x382.jpg 510w, https:\/\/salesianosatocha.es\/eso\/files\/2019\/05\/IMG-1308-2-1080x810.jpg 1080w\" sizes=\"(max-width: 1024px) 100vw, 1024px\" \/><\/figure><\/li><li class=\"blocks-gallery-item\"><figure><img loading=\"lazy\" decoding=\"async\" width=\"1024\" height=\"768\" src=\"https:\/\/salesianosatocha.es\/eso\/files\/2019\/05\/IMG-1237-1024x768.jpg\" alt=\"\" data-id=\"4872\" data-link=\"https:\/\/salesianosatocha.es\/eso\/2019\/05\/21\/intercambio-friburgo-2019\/img-1237\/\" class=\"wp-image-4872\" srcset=\"https:\/\/salesianosatocha.es\/eso\/files\/2019\/05\/IMG-1237-1024x768.jpg 1024w, https:\/\/salesianosatocha.es\/eso\/files\/2019\/05\/IMG-1237-300x225.jpg 300w, https:\/\/salesianosatocha.es\/eso\/files\/2019\/05\/IMG-1237-768x576.jpg 768w, https:\/\/salesianosatocha.es\/eso\/files\/2019\/05\/IMG-1237-510x382.jpg 510w, https:\/\/salesianosatocha.es\/eso\/files\/2019\/05\/IMG-1237-1080x810.jpg 1080w\" sizes=\"(max-width: 1024px) 100vw, 1024px\" \/><\/figure><\/li><li class=\"blocks-gallery-item\"><figure><img loading=\"lazy\" decoding=\"async\" width=\"1024\" height=\"768\" src=\"https:\/\/salesianosatocha.es\/eso\/files\/2019\/05\/IMG-1336-1024x768.jpg\" alt=\"\" data-id=\"4860\" data-link=\"https:\/\/salesianosatocha.es\/eso\/2019\/05\/21\/intercambio-friburgo-2019\/img-1336\/\" class=\"wp-image-4860\" srcset=\"https:\/\/salesianosatocha.es\/eso\/files\/2019\/05\/IMG-1336-1024x768.jpg 1024w, https:\/\/salesianosatocha.es\/eso\/files\/2019\/05\/IMG-1336-300x225.jpg 300w, https:\/\/salesianosatocha.es\/eso\/files\/2019\/05\/IMG-1336-768x576.jpg 768w, https:\/\/salesianosatocha.es\/eso\/files\/2019\/05\/IMG-1336-510x382.jpg 510w, https:\/\/salesianosatocha.es\/eso\/files\/2019\/05\/IMG-1336-1080x810.jpg 1080w\" sizes=\"(max-width: 1024px) 100vw, 1024px\" \/><\/figure><\/li><li class=\"blocks-gallery-item\"><figure><img loading=\"lazy\" decoding=\"async\" width=\"1024\" height=\"768\" src=\"https:\/\/salesianosatocha.es\/eso\/files\/2019\/05\/IMG-1376-1024x768.jpg\" alt=\"\" data-id=\"4862\" data-link=\"https:\/\/salesianosatocha.es\/eso\/2019\/05\/21\/intercambio-friburgo-2019\/img-1376\/\" class=\"wp-image-4862\" srcset=\"https:\/\/salesianosatocha.es\/eso\/files\/2019\/05\/IMG-1376-1024x768.jpg 1024w, https:\/\/salesianosatocha.es\/eso\/files\/2019\/05\/IMG-1376-300x225.jpg 300w, https:\/\/salesianosatocha.es\/eso\/files\/2019\/05\/IMG-1376-768x576.jpg 768w, https:\/\/salesianosatocha.es\/eso\/files\/2019\/05\/IMG-1376-510x382.jpg 510w, https:\/\/salesianosatocha.es\/eso\/files\/2019\/05\/IMG-1376-1080x810.jpg 1080w\" sizes=\"(max-width: 1024px) 100vw, 1024px\" \/><\/figure><\/li><li class=\"blocks-gallery-item\"><figure><img loading=\"lazy\" decoding=\"async\" width=\"1024\" height=\"768\" src=\"https:\/\/salesianosatocha.es\/eso\/files\/2019\/05\/IMG-1417-1024x768.jpg\" alt=\"\" data-id=\"4864\" data-link=\"https:\/\/salesianosatocha.es\/eso\/2019\/05\/21\/intercambio-friburgo-2019\/img-1417\/\" class=\"wp-image-4864\" srcset=\"https:\/\/salesianosatocha.es\/eso\/files\/2019\/05\/IMG-1417-1024x768.jpg 1024w, https:\/\/salesianosatocha.es\/eso\/files\/2019\/05\/IMG-1417-300x225.jpg 300w, https:\/\/salesianosatocha.es\/eso\/files\/2019\/05\/IMG-1417-768x576.jpg 768w, https:\/\/salesianosatocha.es\/eso\/files\/2019\/05\/IMG-1417-510x382.jpg 510w, https:\/\/salesianosatocha.es\/eso\/files\/2019\/05\/IMG-1417-1080x810.jpg 1080w\" sizes=\"(max-width: 1024px) 100vw, 1024px\" \/><\/figure><\/li><li class=\"blocks-gallery-item\"><figure><img loading=\"lazy\" decoding=\"async\" width=\"1024\" height=\"768\" src=\"https:\/\/salesianosatocha.es\/eso\/files\/2019\/05\/IMG-1110-1024x768.jpg\" alt=\"\" data-id=\"4868\" data-link=\"https:\/\/salesianosatocha.es\/eso\/2019\/05\/21\/intercambio-friburgo-2019\/img-1110\/\" class=\"wp-image-4868\" srcset=\"https:\/\/salesianosatocha.es\/eso\/files\/2019\/05\/IMG-1110-1024x768.jpg 1024w, https:\/\/salesianosatocha.es\/eso\/files\/2019\/05\/IMG-1110-300x225.jpg 300w, https:\/\/salesianosatocha.es\/eso\/files\/2019\/05\/IMG-1110-768x576.jpg 768w, https:\/\/salesianosatocha.es\/eso\/files\/2019\/05\/IMG-1110-510x382.jpg 510w, https:\/\/salesianosatocha.es\/eso\/files\/2019\/05\/IMG-1110-1080x810.jpg 1080w\" sizes=\"(max-width: 1024px) 100vw, 1024px\" \/><\/figure><\/li><li class=\"blocks-gallery-item\"><figure><img loading=\"lazy\" decoding=\"async\" width=\"1024\" height=\"768\" src=\"https:\/\/salesianosatocha.es\/eso\/files\/2019\/05\/IMG-1111-1024x768.jpg\" alt=\"\" data-id=\"4869\" data-link=\"https:\/\/salesianosatocha.es\/eso\/2019\/05\/21\/intercambio-friburgo-2019\/img-1111\/\" class=\"wp-image-4869\" srcset=\"https:\/\/salesianosatocha.es\/eso\/files\/2019\/05\/IMG-1111-1024x768.jpg 1024w, https:\/\/salesianosatocha.es\/eso\/files\/2019\/05\/IMG-1111-300x225.jpg 300w, https:\/\/salesianosatocha.es\/eso\/files\/2019\/05\/IMG-1111-768x576.jpg 768w, https:\/\/salesianosatocha.es\/eso\/files\/2019\/05\/IMG-1111-510x382.jpg 510w, https:\/\/salesianosatocha.es\/eso\/files\/2019\/05\/IMG-1111-1080x810.jpg 1080w\" sizes=\"(max-width: 1024px) 100vw, 1024px\" \/><\/figure><\/li><li class=\"blocks-gallery-item\"><figure><img loading=\"lazy\" decoding=\"async\" width=\"1024\" height=\"768\" src=\"https:\/\/salesianosatocha.es\/eso\/files\/2019\/05\/IMG-1123-1024x768.jpg\" alt=\"\" data-id=\"4870\" data-link=\"https:\/\/salesianosatocha.es\/eso\/2019\/05\/21\/intercambio-friburgo-2019\/img-1123\/\" class=\"wp-image-4870\" srcset=\"https:\/\/salesianosatocha.es\/eso\/files\/2019\/05\/IMG-1123-1024x768.jpg 1024w, https:\/\/salesianosatocha.es\/eso\/files\/2019\/05\/IMG-1123-300x225.jpg 300w, https:\/\/salesianosatocha.es\/eso\/files\/2019\/05\/IMG-1123-768x576.jpg 768w, https:\/\/salesianosatocha.es\/eso\/files\/2019\/05\/IMG-1123-510x382.jpg 510w, https:\/\/salesianosatocha.es\/eso\/files\/2019\/05\/IMG-1123-1080x810.jpg 1080w\" sizes=\"(max-width: 1024px) 100vw, 1024px\" \/><\/figure><\/li><li class=\"blocks-gallery-item\"><figure><img loading=\"lazy\" decoding=\"async\" width=\"1024\" height=\"768\" src=\"https:\/\/salesianosatocha.es\/eso\/files\/2019\/05\/IMG-1165-1024x768.jpg\" alt=\"\" data-id=\"4871\" data-link=\"https:\/\/salesianosatocha.es\/eso\/2019\/05\/21\/intercambio-friburgo-2019\/img-1165\/\" class=\"wp-image-4871\" srcset=\"https:\/\/salesianosatocha.es\/eso\/files\/2019\/05\/IMG-1165-1024x768.jpg 1024w, https:\/\/salesianosatocha.es\/eso\/files\/2019\/05\/IMG-1165-300x225.jpg 300w, https:\/\/salesianosatocha.es\/eso\/files\/2019\/05\/IMG-1165-768x576.jpg 768w, https:\/\/salesianosatocha.es\/eso\/files\/2019\/05\/IMG-1165-510x382.jpg 510w, https:\/\/salesianosatocha.es\/eso\/files\/2019\/05\/IMG-1165-1080x810.jpg 1080w\" sizes=\"(max-width: 1024px) 100vw, 1024px\" \/><\/figure><\/li><\/ul>\n","protected":false},"excerpt":{"rendered":"<p>La semana pasada, algunos alumnos de 3\u00ba de la ESO, estuvimos de Intercambio en una ciudad alemana muy bonita llamada Friburgo. Friburgo se encuentra en el sureste de Alemania, muy cerca de la frontera con Francia y Suiza. Ha sido una experiencia maravillosa estar visitando la ciudad y conocer todas las costumbres alemanas. Hemos visitado [&hellip;]<\/p>\n","protected":false},"author":83,"featured_media":0,"comment_status":"open","ping_status":"open","sticky":false,"template":"","format":"standard","meta":{"_et_pb_use_builder":"off","_et_pb_old_content":"","_et_gb_content_width":"","ngg_post_thumbnail":0,"footnotes":""},"categories":[1],"tags":[],"_links":{"self":[{"href":"https:\/\/salesianosatocha.es\/eso\/wp-json\/wp\/v2\/posts\/4853"}],"collection":[{"href":"https:\/\/salesianosatocha.es\/eso\/wp-json\/wp\/v2\/posts"}],"about":[{"href":"https:\/\/salesianosatocha.es\/eso\/wp-json\/wp\/v2\/types\/post"}],"author":[{"embeddable":true,"href":"https:\/\/salesianosatocha.es\/eso\/wp-json\/wp\/v2\/users\/83"}],"replies":[{"embeddable":true,"href":"https:\/\/salesianosatocha.es\/eso\/wp-json\/wp\/v2\/comments?post=4853"}],"version-history":[{"count":5,"href":"https:\/\/salesianosatocha.es\/eso\/wp-json\/wp\/v2\/posts\/4853\/revisions"}],"predecessor-version":[{"id":4875,"href":"https:\/\/salesianosatocha.es\/eso\/wp-json\/wp\/v2\/posts\/4853\/revisions\/4875"}],"wp:attachment":[{"href":"https:\/\/salesianosatocha.es\/eso\/wp-json\/wp\/v2\/media?parent=4853"}],"wp:term":[{"taxonomy":"category","embeddable":true,"href":"https:\/\/salesianosatocha.es\/eso\/wp-json\/wp\/v2\/categories?post=4853"},{"taxonomy":"post_tag","embeddable":true,"href":"https:\/\/salesianosatocha.es\/eso\/wp-json\/wp\/v2\/tags?post=4853"}],"curies":[{"name":"wp","href":"https:\/\/api.w.org\/{rel}","templated":true}]}}