{"id":4848,"date":"2019-05-17T16:22:35","date_gmt":"2019-05-17T14:22:35","guid":{"rendered":"http:\/\/salesianosatocha.es\/eso\/?p=4848"},"modified":"2019-05-17T16:22:37","modified_gmt":"2019-05-17T14:22:37","slug":"intercambio-con-francia-2018-19-en-3o-eso","status":"publish","type":"post","link":"https:\/\/salesianosatocha.es\/eso\/2019\/05\/17\/intercambio-con-francia-2018-19-en-3o-eso\/","title":{"rendered":"Intercambio con Francia 2018-19 en 3\u00ba ESO"},"content":{"rendered":"\n<p><strong>El intercambio de este curso escolar 2018-19 con alumnos franceses de 3\u00ba ESO de la ciudad de Caen ha terminado el pasado martes d\u00eda 14 de mayo.&nbsp;<\/strong>Desde hace ya 8 a\u00f1os, los alumnos que cursan franc\u00e9s en 3\u00ba ESO de nuestro centro realizan un intercambio con el colegio Saint Joseph de la ciudad de Caen,&nbsp; que supone en primer lugar viajar a Normand\u00eda y despu\u00e9s ejercer de anfitriones en Madrid.Este a\u00f1o, el grupo espa\u00f1ol fuimos a Francia del&nbsp;<strong>21 al 29 de marzo<\/strong>. Nos hizo buen tiempo teniendo cuenta que en Normand\u00eda las temperaturas son m\u00e1s fr\u00edas que en Madrid. All\u00ed visitamos la ciudad de Caen y su famosa Abad\u00eda de los Hombres,&nbsp; descubrimos el tapiz de Bayeux, conocimos el Mont Saint Michel, recorrimos las playas del desembarco, y sobretodo pasamos numerosos momentos inolvidables con nuestros correspondants franceses.En Madrid, del&nbsp;<strong>7 al 14 de mayo<\/strong>, el grupo franc\u00e9s ha descubierto el Madrid de los Austrias, han visitado el museo del Prado y el museo reina Sof\u00eda, han descubierto el parque del Retiro, han viajado a Toledo y han saboreado la gastronom\u00eda madrile\u00f1a.Otro a\u00f1o m\u00e1s el balance de esta experiencia es muy positivo&nbsp;, ya que hemos unido culturas y se han creado lazos entre los j\u00f3venes franceses y espa\u00f1oles. \u00a1\u00a1\u00a1\u00a1Hasta el a\u00f1o que viene !!!!!!\n\n<\/p>\n\n\n\n<figure class=\"wp-block-image\"><img loading=\"lazy\" decoding=\"async\" width=\"1024\" height=\"765\" src=\"https:\/\/salesianosatocha.es\/eso\/files\/2019\/05\/IMG-20190514-WA0000-1024x765.jpg\" alt=\"\" class=\"wp-image-4849\" srcset=\"https:\/\/salesianosatocha.es\/eso\/files\/2019\/05\/IMG-20190514-WA0000-1024x765.jpg 1024w, https:\/\/salesianosatocha.es\/eso\/files\/2019\/05\/IMG-20190514-WA0000-300x224.jpg 300w, https:\/\/salesianosatocha.es\/eso\/files\/2019\/05\/IMG-20190514-WA0000-768x574.jpg 768w, https:\/\/salesianosatocha.es\/eso\/files\/2019\/05\/IMG-20190514-WA0000-510x382.jpg 510w, https:\/\/salesianosatocha.es\/eso\/files\/2019\/05\/IMG-20190514-WA0000-1080x807.jpg 1080w, https:\/\/salesianosatocha.es\/eso\/files\/2019\/05\/IMG-20190514-WA0000.jpg 1600w\" sizes=\"(max-width: 1024px) 100vw, 1024px\" \/><\/figure>\n\n\n\n<figure class=\"wp-block-image\"><img loading=\"lazy\" decoding=\"async\" width=\"1024\" height=\"768\" src=\"https:\/\/salesianosatocha.es\/eso\/files\/2019\/05\/IMG-20190326-WA0003-1024x768.jpg\" alt=\"\" class=\"wp-image-4850\" srcset=\"https:\/\/salesianosatocha.es\/eso\/files\/2019\/05\/IMG-20190326-WA0003.jpg 1024w, https:\/\/salesianosatocha.es\/eso\/files\/2019\/05\/IMG-20190326-WA0003-300x225.jpg 300w, https:\/\/salesianosatocha.es\/eso\/files\/2019\/05\/IMG-20190326-WA0003-768x576.jpg 768w, https:\/\/salesianosatocha.es\/eso\/files\/2019\/05\/IMG-20190326-WA0003-510x382.jpg 510w\" sizes=\"(max-width: 1024px) 100vw, 1024px\" \/><\/figure>\n\n\n\n<ul class=\"wp-block-gallery columns-1 is-cropped wp-block-gallery-1 is-layout-flex wp-block-gallery-is-layout-flex\"><li class=\"blocks-gallery-item\"><figure><img loading=\"lazy\" decoding=\"async\" width=\"603\" height=\"1024\" src=\"https:\/\/salesianosatocha.es\/eso\/files\/2019\/05\/IMG-20190329-WA0000-603x1024.jpg\" alt=\"\" data-id=\"4851\" class=\"wp-image-4851\" srcset=\"https:\/\/salesianosatocha.es\/eso\/files\/2019\/05\/IMG-20190329-WA0000.jpg 603w, https:\/\/salesianosatocha.es\/eso\/files\/2019\/05\/IMG-20190329-WA0000-177x300.jpg 177w\" sizes=\"(max-width: 603px) 100vw, 603px\" \/><\/figure><\/li><\/ul>\n","protected":false},"excerpt":{"rendered":"<p>El intercambio de este curso escolar 2018-19 con alumnos franceses de 3\u00ba ESO de la ciudad de Caen ha terminado el pasado martes d\u00eda 14 de mayo.&nbsp;Desde hace ya 8 a\u00f1os, los alumnos que cursan franc\u00e9s en 3\u00ba ESO de nuestro centro realizan un intercambio con el colegio Saint Joseph de la ciudad de Caen,&nbsp; [&hellip;]<\/p>\n","protected":false},"author":83,"featured_media":0,"comment_status":"open","ping_status":"open","sticky":false,"template":"","format":"standard","meta":{"_et_pb_use_builder":"off","_et_pb_old_content":"","_et_gb_content_width":"","ngg_post_thumbnail":0,"footnotes":""},"categories":[1],"tags":[],"_links":{"self":[{"href":"https:\/\/salesianosatocha.es\/eso\/wp-json\/wp\/v2\/posts\/4848"}],"collection":[{"href":"https:\/\/salesianosatocha.es\/eso\/wp-json\/wp\/v2\/posts"}],"about":[{"href":"https:\/\/salesianosatocha.es\/eso\/wp-json\/wp\/v2\/types\/post"}],"author":[{"embeddable":true,"href":"https:\/\/salesianosatocha.es\/eso\/wp-json\/wp\/v2\/users\/83"}],"replies":[{"embeddable":true,"href":"https:\/\/salesianosatocha.es\/eso\/wp-json\/wp\/v2\/comments?post=4848"}],"version-history":[{"count":1,"href":"https:\/\/salesianosatocha.es\/eso\/wp-json\/wp\/v2\/posts\/4848\/revisions"}],"predecessor-version":[{"id":4852,"href":"https:\/\/salesianosatocha.es\/eso\/wp-json\/wp\/v2\/posts\/4848\/revisions\/4852"}],"wp:attachment":[{"href":"https:\/\/salesianosatocha.es\/eso\/wp-json\/wp\/v2\/media?parent=4848"}],"wp:term":[{"taxonomy":"category","embeddable":true,"href":"https:\/\/salesianosatocha.es\/eso\/wp-json\/wp\/v2\/categories?post=4848"},{"taxonomy":"post_tag","embeddable":true,"href":"https:\/\/salesianosatocha.es\/eso\/wp-json\/wp\/v2\/tags?post=4848"}],"curies":[{"name":"wp","href":"https:\/\/api.w.org\/{rel}","templated":true}]}}