{"id":4327,"date":"2017-03-24T12:45:17","date_gmt":"2017-03-24T10:45:17","guid":{"rendered":"http:\/\/salesianosatocha.es\/eso\/?p=4327"},"modified":"2017-03-24T12:45:17","modified_gmt":"2017-03-24T10:45:17","slug":"jornadas-culturales-secundaria","status":"publish","type":"post","link":"https:\/\/salesianosatocha.es\/eso\/2017\/03\/24\/jornadas-culturales-secundaria\/","title":{"rendered":"JORNADAS CULTURALES SECUNDARIA"},"content":{"rendered":"<div dir=\"auto\">Ayer d\u00eda 23 de marzo, la secci\u00f3n de Secundaria dedic\u00f3 el d\u00eda a conocer el entorno cultural tan rico que nos rodea.<\/div>\n<div dir=\"auto\">&nbsp;<\/div>\n<div dir=\"auto\">Los alumnos de 1\u00b0 ESO disfrutaron de la visita al Museo Geominero De Madrid y m\u00e1s tarde al Museo de Ciencias Naturales. Una jornada completa que despert\u00f3 el inter\u00e9s de nuestros chavales.<\/div>\n<div dir=\"auto\">&nbsp;<\/div>\n<div dir=\"auto\">2\u00b0 ESO viaj\u00f3 en el tiempo con su experiencia en el Museo Arqueol\u00f3gico Nacional de Espa\u00f1a . Contemplaron el paso de la historia en vivo y en directo.&nbsp;<\/div>\n<div dir=\"auto\">&nbsp;<\/div>\n<div dir=\"auto\">Los grupos de 3\u00b0 ESO prestaron atenci\u00f3n a los aparentemente insignificantes objetos que aparecen en las obras de arte que expone el Museo Nacional del Prado . Las diferentes gu\u00edas del museo hicieron la visita muy productiva y amena.<\/div>\n<div dir=\"auto\">&nbsp;<\/div>\n<div dir=\"auto\">Los mayores de la secci\u00f3n, 4\u00b0ESO, se distribuyeron en diversos lugares de inter\u00e9s cultural en Madrid: 4\u00b0A y C visitaron el Museo Nacional de Arte Reina Sof\u00eda, 4\u00b0 B en CaixaForum Madrid y 4\u00b0D descubri\u00f3 los tesoros del Museo Misionero Salesiano.<\/div>\n<div dir=\"auto\">&nbsp;<\/div>\n<div dir=\"auto\">Sin duda una experiencia memorable que ni la nieve quiso perderse.&nbsp;<\/div>\n<div dir=\"auto\">&nbsp;<\/div>\n<div dir=\"auto\">Esperamos que todas estas iniciativas redunden en beneficio de la formaci\u00f3n integral de nuestros alumnos.<\/div>\n<div dir=\"auto\">&nbsp;<\/div>\n<div dir=\"auto\">\n\n\t\t<style type=\"text\/css\">\n\t\t\t#gallery-1 {\n\t\t\t\tmargin: auto;\n\t\t\t}\n\t\t\t#gallery-1 .gallery-item {\n\t\t\t\tfloat: left;\n\t\t\t\tmargin-top: 10px;\n\t\t\t\ttext-align: center;\n\t\t\t\twidth: 50%;\n\t\t\t}\n\t\t\t#gallery-1 img {\n\t\t\t\tborder: 2px solid #cfcfcf;\n\t\t\t}\n\t\t\t#gallery-1 .gallery-caption {\n\t\t\t\tmargin-left: 0;\n\t\t\t}\n\t\t\t\/* see gallery_shortcode() in wp-includes\/media.php *\/\n\t\t<\/style>\n\t\t<div id='gallery-1' class='gallery galleryid-4327 gallery-columns-2 gallery-size-large'><dl class='gallery-item'>\n\t\t\t<dt class='gallery-icon landscape'>\n\t\t\t\t<a href='https:\/\/salesianosatocha.es\/eso\/2017\/03\/24\/jornadas-culturales-secundaria\/file_006\/'><img loading=\"lazy\" decoding=\"async\" width=\"1024\" height=\"768\" src=\"https:\/\/salesianosatocha.es\/eso\/files\/2017\/03\/File_006-1024x768.jpeg\" class=\"attachment-large size-large\" alt=\"\" srcset=\"https:\/\/salesianosatocha.es\/eso\/files\/2017\/03\/File_006-1024x768.jpeg 1024w, https:\/\/salesianosatocha.es\/eso\/files\/2017\/03\/File_006-300x225.jpeg 300w, https:\/\/salesianosatocha.es\/eso\/files\/2017\/03\/File_006-768x576.jpeg 768w, https:\/\/salesianosatocha.es\/eso\/files\/2017\/03\/File_006-510x382.jpeg 510w, https:\/\/salesianosatocha.es\/eso\/files\/2017\/03\/File_006-1080x810.jpeg 1080w, https:\/\/salesianosatocha.es\/eso\/files\/2017\/03\/File_006.jpeg 1600w\" sizes=\"(max-width: 1024px) 100vw, 1024px\" \/><\/a>\n\t\t\t<\/dt><\/dl><dl class='gallery-item'>\n\t\t\t<dt class='gallery-icon landscape'>\n\t\t\t\t<a href='https:\/\/salesianosatocha.es\/eso\/2017\/03\/24\/jornadas-culturales-secundaria\/file_002-1\/'><img loading=\"lazy\" decoding=\"async\" width=\"1024\" height=\"1024\" src=\"https:\/\/salesianosatocha.es\/eso\/files\/2017\/03\/File_002-1-1024x1024.jpeg\" class=\"attachment-large size-large\" alt=\"\" srcset=\"https:\/\/salesianosatocha.es\/eso\/files\/2017\/03\/File_002-1-1024x1024.jpeg 1024w, https:\/\/salesianosatocha.es\/eso\/files\/2017\/03\/File_002-1-150x150.jpeg 150w, https:\/\/salesianosatocha.es\/eso\/files\/2017\/03\/File_002-1-300x300.jpeg 300w, https:\/\/salesianosatocha.es\/eso\/files\/2017\/03\/File_002-1-768x768.jpeg 768w, https:\/\/salesianosatocha.es\/eso\/files\/2017\/03\/File_002-1-1080x1080.jpeg 1080w, https:\/\/salesianosatocha.es\/eso\/files\/2017\/03\/File_002-1.jpeg 1564w\" sizes=\"(max-width: 1024px) 100vw, 1024px\" \/><\/a>\n\t\t\t<\/dt><\/dl><br style=\"clear: both\" \/><dl class='gallery-item'>\n\t\t\t<dt class='gallery-icon landscape'>\n\t\t\t\t<a href='https:\/\/salesianosatocha.es\/eso\/2017\/03\/24\/jornadas-culturales-secundaria\/file_005\/'><img loading=\"lazy\" decoding=\"async\" width=\"1024\" height=\"1024\" src=\"https:\/\/salesianosatocha.es\/eso\/files\/2017\/03\/File_005-1024x1024.jpeg\" class=\"attachment-large size-large\" alt=\"\" srcset=\"https:\/\/salesianosatocha.es\/eso\/files\/2017\/03\/File_005-1024x1024.jpeg 1024w, https:\/\/salesianosatocha.es\/eso\/files\/2017\/03\/File_005-150x150.jpeg 150w, https:\/\/salesianosatocha.es\/eso\/files\/2017\/03\/File_005-300x300.jpeg 300w, https:\/\/salesianosatocha.es\/eso\/files\/2017\/03\/File_005-768x768.jpeg 768w, https:\/\/salesianosatocha.es\/eso\/files\/2017\/03\/File_005-1080x1080.jpeg 1080w, https:\/\/salesianosatocha.es\/eso\/files\/2017\/03\/File_005.jpeg 1564w\" sizes=\"(max-width: 1024px) 100vw, 1024px\" \/><\/a>\n\t\t\t<\/dt><\/dl><dl class='gallery-item'>\n\t\t\t<dt class='gallery-icon landscape'>\n\t\t\t\t<a href='https:\/\/salesianosatocha.es\/eso\/2017\/03\/24\/jornadas-culturales-secundaria\/file_001-1\/'><img loading=\"lazy\" decoding=\"async\" width=\"1024\" height=\"1024\" src=\"https:\/\/salesianosatocha.es\/eso\/files\/2017\/03\/File_001-1-1024x1024.jpeg\" class=\"attachment-large size-large\" alt=\"\" srcset=\"https:\/\/salesianosatocha.es\/eso\/files\/2017\/03\/File_001-1-1024x1024.jpeg 1024w, https:\/\/salesianosatocha.es\/eso\/files\/2017\/03\/File_001-1-150x150.jpeg 150w, https:\/\/salesianosatocha.es\/eso\/files\/2017\/03\/File_001-1-300x300.jpeg 300w, https:\/\/salesianosatocha.es\/eso\/files\/2017\/03\/File_001-1-768x768.jpeg 768w, https:\/\/salesianosatocha.es\/eso\/files\/2017\/03\/File_001-1-1080x1080.jpeg 1080w, https:\/\/salesianosatocha.es\/eso\/files\/2017\/03\/File_001-1.jpeg 1564w\" sizes=\"(max-width: 1024px) 100vw, 1024px\" \/><\/a>\n\t\t\t<\/dt><\/dl><br style=\"clear: both\" \/><dl class='gallery-item'>\n\t\t\t<dt class='gallery-icon landscape'>\n\t\t\t\t<a href='https:\/\/salesianosatocha.es\/eso\/2017\/03\/24\/jornadas-culturales-secundaria\/file_003-1\/'><img loading=\"lazy\" decoding=\"async\" width=\"1024\" height=\"1024\" src=\"https:\/\/salesianosatocha.es\/eso\/files\/2017\/03\/File_003-1-1024x1024.jpeg\" class=\"attachment-large size-large\" alt=\"\" srcset=\"https:\/\/salesianosatocha.es\/eso\/files\/2017\/03\/File_003-1-1024x1024.jpeg 1024w, https:\/\/salesianosatocha.es\/eso\/files\/2017\/03\/File_003-1-150x150.jpeg 150w, https:\/\/salesianosatocha.es\/eso\/files\/2017\/03\/File_003-1-300x300.jpeg 300w, https:\/\/salesianosatocha.es\/eso\/files\/2017\/03\/File_003-1-768x768.jpeg 768w, https:\/\/salesianosatocha.es\/eso\/files\/2017\/03\/File_003-1-1080x1080.jpeg 1080w, https:\/\/salesianosatocha.es\/eso\/files\/2017\/03\/File_003-1.jpeg 1564w\" sizes=\"(max-width: 1024px) 100vw, 1024px\" \/><\/a>\n\t\t\t<\/dt><\/dl><dl class='gallery-item'>\n\t\t\t<dt class='gallery-icon landscape'>\n\t\t\t\t<a href='https:\/\/salesianosatocha.es\/eso\/2017\/03\/24\/jornadas-culturales-secundaria\/file_000-1\/'><img loading=\"lazy\" decoding=\"async\" width=\"1024\" height=\"1024\" src=\"https:\/\/salesianosatocha.es\/eso\/files\/2017\/03\/File_000-1-1024x1024.jpeg\" class=\"attachment-large size-large\" alt=\"\" srcset=\"https:\/\/salesianosatocha.es\/eso\/files\/2017\/03\/File_000-1-1024x1024.jpeg 1024w, https:\/\/salesianosatocha.es\/eso\/files\/2017\/03\/File_000-1-150x150.jpeg 150w, https:\/\/salesianosatocha.es\/eso\/files\/2017\/03\/File_000-1-300x300.jpeg 300w, https:\/\/salesianosatocha.es\/eso\/files\/2017\/03\/File_000-1-768x768.jpeg 768w, https:\/\/salesianosatocha.es\/eso\/files\/2017\/03\/File_000-1-1080x1080.jpeg 1080w, https:\/\/salesianosatocha.es\/eso\/files\/2017\/03\/File_000-1.jpeg 1564w\" sizes=\"(max-width: 1024px) 100vw, 1024px\" \/><\/a>\n\t\t\t<\/dt><\/dl><br style=\"clear: both\" \/><dl class='gallery-item'>\n\t\t\t<dt class='gallery-icon landscape'>\n\t\t\t\t<a href='https:\/\/salesianosatocha.es\/eso\/2017\/03\/24\/jornadas-culturales-secundaria\/file_004\/'><img loading=\"lazy\" decoding=\"async\" width=\"1024\" height=\"1024\" src=\"https:\/\/salesianosatocha.es\/eso\/files\/2017\/03\/File_004-1024x1024.jpeg\" class=\"attachment-large size-large\" alt=\"\" srcset=\"https:\/\/salesianosatocha.es\/eso\/files\/2017\/03\/File_004-1024x1024.jpeg 1024w, https:\/\/salesianosatocha.es\/eso\/files\/2017\/03\/File_004-150x150.jpeg 150w, https:\/\/salesianosatocha.es\/eso\/files\/2017\/03\/File_004-300x300.jpeg 300w, https:\/\/salesianosatocha.es\/eso\/files\/2017\/03\/File_004-768x768.jpeg 768w, https:\/\/salesianosatocha.es\/eso\/files\/2017\/03\/File_004-1080x1080.jpeg 1080w, https:\/\/salesianosatocha.es\/eso\/files\/2017\/03\/File_004.jpeg 1564w\" sizes=\"(max-width: 1024px) 100vw, 1024px\" \/><\/a>\n\t\t\t<\/dt><\/dl>\n\t\t\t<br style='clear: both' \/>\n\t\t<\/div>\n\n<\/div>\n","protected":false},"excerpt":{"rendered":"<p>Ayer d\u00eda 23 de marzo, la secci\u00f3n de Secundaria dedic\u00f3 el d\u00eda a conocer el entorno cultural tan rico que nos rodea. &nbsp; Los alumnos de 1\u00b0 ESO disfrutaron de la visita al Museo Geominero De Madrid y m\u00e1s tarde al Museo de Ciencias Naturales. Una jornada completa que despert\u00f3 el inter\u00e9s de nuestros chavales. [&hellip;]<\/p>\n","protected":false},"author":83,"featured_media":0,"comment_status":"open","ping_status":"open","sticky":false,"template":"","format":"standard","meta":{"_et_pb_use_builder":"","_et_pb_old_content":"","_et_gb_content_width":"","ngg_post_thumbnail":0,"footnotes":""},"categories":[1],"tags":[],"_links":{"self":[{"href":"https:\/\/salesianosatocha.es\/eso\/wp-json\/wp\/v2\/posts\/4327"}],"collection":[{"href":"https:\/\/salesianosatocha.es\/eso\/wp-json\/wp\/v2\/posts"}],"about":[{"href":"https:\/\/salesianosatocha.es\/eso\/wp-json\/wp\/v2\/types\/post"}],"author":[{"embeddable":true,"href":"https:\/\/salesianosatocha.es\/eso\/wp-json\/wp\/v2\/users\/83"}],"replies":[{"embeddable":true,"href":"https:\/\/salesianosatocha.es\/eso\/wp-json\/wp\/v2\/comments?post=4327"}],"version-history":[{"count":2,"href":"https:\/\/salesianosatocha.es\/eso\/wp-json\/wp\/v2\/posts\/4327\/revisions"}],"predecessor-version":[{"id":4336,"href":"https:\/\/salesianosatocha.es\/eso\/wp-json\/wp\/v2\/posts\/4327\/revisions\/4336"}],"wp:attachment":[{"href":"https:\/\/salesianosatocha.es\/eso\/wp-json\/wp\/v2\/media?parent=4327"}],"wp:term":[{"taxonomy":"category","embeddable":true,"href":"https:\/\/salesianosatocha.es\/eso\/wp-json\/wp\/v2\/categories?post=4327"},{"taxonomy":"post_tag","embeddable":true,"href":"https:\/\/salesianosatocha.es\/eso\/wp-json\/wp\/v2\/tags?post=4327"}],"curies":[{"name":"wp","href":"https:\/\/api.w.org\/{rel}","templated":true}]}}