{"id":4280,"date":"2017-02-20T11:54:20","date_gmt":"2017-02-20T09:54:20","guid":{"rendered":"http:\/\/salesianosatocha.es\/eso\/?p=4280"},"modified":"2017-02-20T11:58:41","modified_gmt":"2017-02-20T09:58:41","slug":"intercambio-salesianos-de-roma-cultura-clasica-y-latin","status":"publish","type":"post","link":"https:\/\/salesianosatocha.es\/eso\/2017\/02\/20\/intercambio-salesianos-de-roma-cultura-clasica-y-latin\/","title":{"rendered":"INTERCAMBIO SALESIANOS DE ROMA.  CULTURA CL\u00c1SICA y LAT\u00cdN"},"content":{"rendered":"<p>La experiencia de intercambio con los compa\u00f1eros del colegio salesiano de Frascati, Roma, ha terminado. Han sido 8 maravillosos d\u00edas de convivencia y amistad dif\u00edciles de olvidar. Compartir clase, visita a Toledo, Retiro&#8230;nos ha acercado y enriquecido a todos. Acabamos despidi\u00e9ndonos con una fant\u00e1stica fiesta.<\/p>\n\n\t\t<style type=\"text\/css\">\n\t\t\t#gallery-1 {\n\t\t\t\tmargin: auto;\n\t\t\t}\n\t\t\t#gallery-1 .gallery-item {\n\t\t\t\tfloat: left;\n\t\t\t\tmargin-top: 10px;\n\t\t\t\ttext-align: center;\n\t\t\t\twidth: 25%;\n\t\t\t}\n\t\t\t#gallery-1 img {\n\t\t\t\tborder: 2px solid #cfcfcf;\n\t\t\t}\n\t\t\t#gallery-1 .gallery-caption {\n\t\t\t\tmargin-left: 0;\n\t\t\t}\n\t\t\t\/* see gallery_shortcode() in wp-includes\/media.php *\/\n\t\t<\/style>\n\t\t<div id='gallery-1' class='gallery galleryid-4280 gallery-columns-4 gallery-size-medium'><dl class='gallery-item'>\n\t\t\t<dt class='gallery-icon portrait'>\n\t\t\t\t<a href='https:\/\/salesianosatocha.es\/eso\/2017\/02\/20\/intercambio-salesianos-de-roma-cultura-clasica-y-latin\/2017-02-20-photo-00000124\/'><img loading=\"lazy\" decoding=\"async\" width=\"225\" height=\"300\" src=\"https:\/\/salesianosatocha.es\/eso\/files\/2017\/02\/2017-02-20-PHOTO-00000124-225x300.jpg\" class=\"attachment-medium size-medium\" alt=\"\" srcset=\"https:\/\/salesianosatocha.es\/eso\/files\/2017\/02\/2017-02-20-PHOTO-00000124-225x300.jpg 225w, https:\/\/salesianosatocha.es\/eso\/files\/2017\/02\/2017-02-20-PHOTO-00000124-768x1024.jpg 768w, https:\/\/salesianosatocha.es\/eso\/files\/2017\/02\/2017-02-20-PHOTO-00000124-1080x1440.jpg 1080w, https:\/\/salesianosatocha.es\/eso\/files\/2017\/02\/2017-02-20-PHOTO-00000124.jpg 1200w\" sizes=\"(max-width: 225px) 100vw, 225px\" \/><\/a>\n\t\t\t<\/dt><\/dl><dl class='gallery-item'>\n\t\t\t<dt class='gallery-icon landscape'>\n\t\t\t\t<a href='https:\/\/salesianosatocha.es\/eso\/2017\/02\/20\/intercambio-salesianos-de-roma-cultura-clasica-y-latin\/2017-02-20-photo-00000122\/'><img loading=\"lazy\" decoding=\"async\" width=\"300\" height=\"225\" src=\"https:\/\/salesianosatocha.es\/eso\/files\/2017\/02\/2017-02-20-PHOTO-00000122-300x225.jpg\" class=\"attachment-medium size-medium\" alt=\"\" srcset=\"https:\/\/salesianosatocha.es\/eso\/files\/2017\/02\/2017-02-20-PHOTO-00000122-300x225.jpg 300w, https:\/\/salesianosatocha.es\/eso\/files\/2017\/02\/2017-02-20-PHOTO-00000122-768x576.jpg 768w, https:\/\/salesianosatocha.es\/eso\/files\/2017\/02\/2017-02-20-PHOTO-00000122-1024x768.jpg 1024w, https:\/\/salesianosatocha.es\/eso\/files\/2017\/02\/2017-02-20-PHOTO-00000122-510x382.jpg 510w, https:\/\/salesianosatocha.es\/eso\/files\/2017\/02\/2017-02-20-PHOTO-00000122-1080x810.jpg 1080w, https:\/\/salesianosatocha.es\/eso\/files\/2017\/02\/2017-02-20-PHOTO-00000122.jpg 1296w\" sizes=\"(max-width: 300px) 100vw, 300px\" \/><\/a>\n\t\t\t<\/dt><\/dl><dl class='gallery-item'>\n\t\t\t<dt class='gallery-icon landscape'>\n\t\t\t\t<a href='https:\/\/salesianosatocha.es\/eso\/2017\/02\/20\/intercambio-salesianos-de-roma-cultura-clasica-y-latin\/2017-02-20-photo-00000121\/'><img loading=\"lazy\" decoding=\"async\" width=\"300\" height=\"225\" src=\"https:\/\/salesianosatocha.es\/eso\/files\/2017\/02\/2017-02-20-PHOTO-00000121-300x225.jpg\" class=\"attachment-medium size-medium\" alt=\"\" srcset=\"https:\/\/salesianosatocha.es\/eso\/files\/2017\/02\/2017-02-20-PHOTO-00000121-300x225.jpg 300w, https:\/\/salesianosatocha.es\/eso\/files\/2017\/02\/2017-02-20-PHOTO-00000121-768x576.jpg 768w, https:\/\/salesianosatocha.es\/eso\/files\/2017\/02\/2017-02-20-PHOTO-00000121-1024x768.jpg 1024w, https:\/\/salesianosatocha.es\/eso\/files\/2017\/02\/2017-02-20-PHOTO-00000121-510x382.jpg 510w, https:\/\/salesianosatocha.es\/eso\/files\/2017\/02\/2017-02-20-PHOTO-00000121-1080x810.jpg 1080w, https:\/\/salesianosatocha.es\/eso\/files\/2017\/02\/2017-02-20-PHOTO-00000121.jpg 1600w\" sizes=\"(max-width: 300px) 100vw, 300px\" \/><\/a>\n\t\t\t<\/dt><\/dl><dl class='gallery-item'>\n\t\t\t<dt class='gallery-icon landscape'>\n\t\t\t\t<a href='https:\/\/salesianosatocha.es\/eso\/2017\/02\/20\/intercambio-salesianos-de-roma-cultura-clasica-y-latin\/2017-02-20-photo-00000120\/'><img loading=\"lazy\" decoding=\"async\" width=\"300\" height=\"169\" src=\"https:\/\/salesianosatocha.es\/eso\/files\/2017\/02\/2017-02-20-PHOTO-00000120-300x169.jpg\" class=\"attachment-medium size-medium\" alt=\"\" srcset=\"https:\/\/salesianosatocha.es\/eso\/files\/2017\/02\/2017-02-20-PHOTO-00000120-300x169.jpg 300w, https:\/\/salesianosatocha.es\/eso\/files\/2017\/02\/2017-02-20-PHOTO-00000120-768x432.jpg 768w, https:\/\/salesianosatocha.es\/eso\/files\/2017\/02\/2017-02-20-PHOTO-00000120-1024x576.jpg 1024w, https:\/\/salesianosatocha.es\/eso\/files\/2017\/02\/2017-02-20-PHOTO-00000120-1080x608.jpg 1080w, https:\/\/salesianosatocha.es\/eso\/files\/2017\/02\/2017-02-20-PHOTO-00000120.jpg 1600w\" sizes=\"(max-width: 300px) 100vw, 300px\" \/><\/a>\n\t\t\t<\/dt><\/dl><br style=\"clear: both\" \/><dl class='gallery-item'>\n\t\t\t<dt class='gallery-icon landscape'>\n\t\t\t\t<a href='https:\/\/salesianosatocha.es\/eso\/2017\/02\/20\/intercambio-salesianos-de-roma-cultura-clasica-y-latin\/2017-02-20-photo-00000118\/'><img loading=\"lazy\" decoding=\"async\" width=\"300\" height=\"225\" src=\"https:\/\/salesianosatocha.es\/eso\/files\/2017\/02\/2017-02-20-PHOTO-00000118-300x225.jpg\" class=\"attachment-medium size-medium\" alt=\"\" srcset=\"https:\/\/salesianosatocha.es\/eso\/files\/2017\/02\/2017-02-20-PHOTO-00000118-300x225.jpg 300w, https:\/\/salesianosatocha.es\/eso\/files\/2017\/02\/2017-02-20-PHOTO-00000118-768x576.jpg 768w, https:\/\/salesianosatocha.es\/eso\/files\/2017\/02\/2017-02-20-PHOTO-00000118-1024x768.jpg 1024w, https:\/\/salesianosatocha.es\/eso\/files\/2017\/02\/2017-02-20-PHOTO-00000118-510x382.jpg 510w, https:\/\/salesianosatocha.es\/eso\/files\/2017\/02\/2017-02-20-PHOTO-00000118-1080x810.jpg 1080w, https:\/\/salesianosatocha.es\/eso\/files\/2017\/02\/2017-02-20-PHOTO-00000118.jpg 1600w\" sizes=\"(max-width: 300px) 100vw, 300px\" \/><\/a>\n\t\t\t<\/dt><\/dl><dl class='gallery-item'>\n\t\t\t<dt class='gallery-icon landscape'>\n\t\t\t\t<a href='https:\/\/salesianosatocha.es\/eso\/2017\/02\/20\/intercambio-salesianos-de-roma-cultura-clasica-y-latin\/2017-02-20-photo-00000117\/'><img loading=\"lazy\" decoding=\"async\" width=\"300\" height=\"225\" src=\"https:\/\/salesianosatocha.es\/eso\/files\/2017\/02\/2017-02-20-PHOTO-00000117-300x225.jpg\" class=\"attachment-medium size-medium\" alt=\"\" srcset=\"https:\/\/salesianosatocha.es\/eso\/files\/2017\/02\/2017-02-20-PHOTO-00000117-300x225.jpg 300w, https:\/\/salesianosatocha.es\/eso\/files\/2017\/02\/2017-02-20-PHOTO-00000117-768x576.jpg 768w, https:\/\/salesianosatocha.es\/eso\/files\/2017\/02\/2017-02-20-PHOTO-00000117-1024x768.jpg 1024w, https:\/\/salesianosatocha.es\/eso\/files\/2017\/02\/2017-02-20-PHOTO-00000117-510x382.jpg 510w, https:\/\/salesianosatocha.es\/eso\/files\/2017\/02\/2017-02-20-PHOTO-00000117-1080x810.jpg 1080w, https:\/\/salesianosatocha.es\/eso\/files\/2017\/02\/2017-02-20-PHOTO-00000117.jpg 1600w\" sizes=\"(max-width: 300px) 100vw, 300px\" \/><\/a>\n\t\t\t<\/dt><\/dl><dl class='gallery-item'>\n\t\t\t<dt class='gallery-icon landscape'>\n\t\t\t\t<a href='https:\/\/salesianosatocha.es\/eso\/2017\/02\/20\/intercambio-salesianos-de-roma-cultura-clasica-y-latin\/2017-02-20-photo-00000116\/'><img loading=\"lazy\" decoding=\"async\" width=\"300\" height=\"169\" src=\"https:\/\/salesianosatocha.es\/eso\/files\/2017\/02\/2017-02-20-PHOTO-00000116-300x169.jpg\" class=\"attachment-medium size-medium\" alt=\"\" srcset=\"https:\/\/salesianosatocha.es\/eso\/files\/2017\/02\/2017-02-20-PHOTO-00000116-300x169.jpg 300w, https:\/\/salesianosatocha.es\/eso\/files\/2017\/02\/2017-02-20-PHOTO-00000116-768x432.jpg 768w, https:\/\/salesianosatocha.es\/eso\/files\/2017\/02\/2017-02-20-PHOTO-00000116-1024x576.jpg 1024w, https:\/\/salesianosatocha.es\/eso\/files\/2017\/02\/2017-02-20-PHOTO-00000116-1080x607.jpg 1080w, https:\/\/salesianosatocha.es\/eso\/files\/2017\/02\/2017-02-20-PHOTO-00000116.jpg 1599w\" sizes=\"(max-width: 300px) 100vw, 300px\" \/><\/a>\n\t\t\t<\/dt><\/dl><dl class='gallery-item'>\n\t\t\t<dt class='gallery-icon landscape'>\n\t\t\t\t<a href='https:\/\/salesianosatocha.es\/eso\/2017\/02\/20\/intercambio-salesianos-de-roma-cultura-clasica-y-latin\/2017-02-20-photo-00000115\/'><img loading=\"lazy\" decoding=\"async\" width=\"300\" height=\"169\" src=\"https:\/\/salesianosatocha.es\/eso\/files\/2017\/02\/2017-02-20-PHOTO-00000115-300x169.jpg\" class=\"attachment-medium size-medium\" alt=\"\" srcset=\"https:\/\/salesianosatocha.es\/eso\/files\/2017\/02\/2017-02-20-PHOTO-00000115-300x169.jpg 300w, https:\/\/salesianosatocha.es\/eso\/files\/2017\/02\/2017-02-20-PHOTO-00000115-768x432.jpg 768w, https:\/\/salesianosatocha.es\/eso\/files\/2017\/02\/2017-02-20-PHOTO-00000115-1024x576.jpg 1024w, https:\/\/salesianosatocha.es\/eso\/files\/2017\/02\/2017-02-20-PHOTO-00000115-1080x607.jpg 1080w, https:\/\/salesianosatocha.es\/eso\/files\/2017\/02\/2017-02-20-PHOTO-00000115.jpg 1599w\" sizes=\"(max-width: 300px) 100vw, 300px\" \/><\/a>\n\t\t\t<\/dt><\/dl><br style=\"clear: both\" \/><dl class='gallery-item'>\n\t\t\t<dt class='gallery-icon landscape'>\n\t\t\t\t<a href='https:\/\/salesianosatocha.es\/eso\/2017\/02\/20\/intercambio-salesianos-de-roma-cultura-clasica-y-latin\/2017-02-20-photo-00000119\/'><img loading=\"lazy\" decoding=\"async\" width=\"300\" height=\"169\" src=\"https:\/\/salesianosatocha.es\/eso\/files\/2017\/02\/2017-02-20-PHOTO-00000119-300x169.jpg\" class=\"attachment-medium size-medium\" alt=\"\" srcset=\"https:\/\/salesianosatocha.es\/eso\/files\/2017\/02\/2017-02-20-PHOTO-00000119-300x169.jpg 300w, https:\/\/salesianosatocha.es\/eso\/files\/2017\/02\/2017-02-20-PHOTO-00000119-768x432.jpg 768w, https:\/\/salesianosatocha.es\/eso\/files\/2017\/02\/2017-02-20-PHOTO-00000119-1024x576.jpg 1024w, https:\/\/salesianosatocha.es\/eso\/files\/2017\/02\/2017-02-20-PHOTO-00000119-1080x607.jpg 1080w, https:\/\/salesianosatocha.es\/eso\/files\/2017\/02\/2017-02-20-PHOTO-00000119.jpg 1599w\" sizes=\"(max-width: 300px) 100vw, 300px\" \/><\/a>\n\t\t\t<\/dt><\/dl><dl class='gallery-item'>\n\t\t\t<dt class='gallery-icon landscape'>\n\t\t\t\t<a href='https:\/\/salesianosatocha.es\/eso\/2017\/02\/20\/intercambio-salesianos-de-roma-cultura-clasica-y-latin\/2017-02-20-photo-00000123\/'><img loading=\"lazy\" decoding=\"async\" width=\"300\" height=\"169\" src=\"https:\/\/salesianosatocha.es\/eso\/files\/2017\/02\/2017-02-20-PHOTO-00000123-300x169.jpg\" class=\"attachment-medium size-medium\" alt=\"\" srcset=\"https:\/\/salesianosatocha.es\/eso\/files\/2017\/02\/2017-02-20-PHOTO-00000123-300x169.jpg 300w, https:\/\/salesianosatocha.es\/eso\/files\/2017\/02\/2017-02-20-PHOTO-00000123-768x432.jpg 768w, https:\/\/salesianosatocha.es\/eso\/files\/2017\/02\/2017-02-20-PHOTO-00000123-1024x576.jpg 1024w, https:\/\/salesianosatocha.es\/eso\/files\/2017\/02\/2017-02-20-PHOTO-00000123-1080x607.jpg 1080w, https:\/\/salesianosatocha.es\/eso\/files\/2017\/02\/2017-02-20-PHOTO-00000123.jpg 1599w\" sizes=\"(max-width: 300px) 100vw, 300px\" \/><\/a>\n\t\t\t<\/dt><\/dl>\n\t\t\t<br style='clear: both' \/>\n\t\t<\/div>\n\n","protected":false},"excerpt":{"rendered":"<p>La experiencia de intercambio con los compa\u00f1eros del colegio salesiano de Frascati, Roma, ha terminado. Han sido 8 maravillosos d\u00edas de convivencia y amistad dif\u00edciles de olvidar. Compartir clase, visita a Toledo, Retiro&#8230;nos ha acercado y enriquecido a todos. Acabamos despidi\u00e9ndonos con una fant\u00e1stica fiesta.<\/p>\n","protected":false},"author":83,"featured_media":0,"comment_status":"open","ping_status":"open","sticky":false,"template":"","format":"standard","meta":{"_et_pb_use_builder":"","_et_pb_old_content":"","_et_gb_content_width":"","ngg_post_thumbnail":0,"footnotes":""},"categories":[1],"tags":[],"_links":{"self":[{"href":"https:\/\/salesianosatocha.es\/eso\/wp-json\/wp\/v2\/posts\/4280"}],"collection":[{"href":"https:\/\/salesianosatocha.es\/eso\/wp-json\/wp\/v2\/posts"}],"about":[{"href":"https:\/\/salesianosatocha.es\/eso\/wp-json\/wp\/v2\/types\/post"}],"author":[{"embeddable":true,"href":"https:\/\/salesianosatocha.es\/eso\/wp-json\/wp\/v2\/users\/83"}],"replies":[{"embeddable":true,"href":"https:\/\/salesianosatocha.es\/eso\/wp-json\/wp\/v2\/comments?post=4280"}],"version-history":[{"count":6,"href":"https:\/\/salesianosatocha.es\/eso\/wp-json\/wp\/v2\/posts\/4280\/revisions"}],"predecessor-version":[{"id":4296,"href":"https:\/\/salesianosatocha.es\/eso\/wp-json\/wp\/v2\/posts\/4280\/revisions\/4296"}],"wp:attachment":[{"href":"https:\/\/salesianosatocha.es\/eso\/wp-json\/wp\/v2\/media?parent=4280"}],"wp:term":[{"taxonomy":"category","embeddable":true,"href":"https:\/\/salesianosatocha.es\/eso\/wp-json\/wp\/v2\/categories?post=4280"},{"taxonomy":"post_tag","embeddable":true,"href":"https:\/\/salesianosatocha.es\/eso\/wp-json\/wp\/v2\/tags?post=4280"}],"curies":[{"name":"wp","href":"https:\/\/api.w.org\/{rel}","templated":true}]}}