{"id":809,"date":"2013-03-01T11:36:57","date_gmt":"2013-03-01T11:36:57","guid":{"rendered":"http:\/\/salesianosatocha.es\/bachillerato\/?p=809"},"modified":"2013-03-01T11:44:21","modified_gmt":"2013-03-01T11:44:21","slug":"alumnos-de-2o-de-bachillerato-en-la-olimpiada-de-geografia","status":"publish","type":"post","link":"https:\/\/salesianosatocha.es\/bachillerato\/blog\/2013\/03\/01\/alumnos-de-2o-de-bachillerato-en-la-olimpiada-de-geografia\/","title":{"rendered":"Alumnos de 2\u00ba de bachillerato en la III Olimpiada de Geograf\u00eda &#8211; Madrid"},"content":{"rendered":"<p style=\"text-align: center;\"><div class='et-box et-shadow'>\n\t\t\t\t\t<div class='et-box-content'><strong> El pr\u00f3ximo d\u00eda 8 de marzo, 6 alumnos de 2\u00ba de bachillerato se presentar\u00e1n a la Olimpiada de Geograf\u00eda \u00a1Les deseamos mucha suerte!\n<\/strong><\/p>\n<div id=\"header\"><\/div><\/div><\/div>\n<p>El pr\u00f3ximo viernes 8 de marzo, tendr\u00e1 lugar la III edici\u00f3n de la Olimpiada de Geograf\u00eda de Madrid, que organizan conjuntamente la la Delegaci\u00f3n Territorial del Colegio de Ge\u00f3grafos en Madrid, la Universidad Complutense de Madrid y la Universidad Aut\u00f3noma de Madrid, con la colaboraci\u00f3n del Instituto Geogr\u00e1fico Nacional y que est\u00e1 dirigida a todos los estudiantes de Segundo Curso de Bachillerato de la Comunidad Aut\u00f3noma.<\/p>\n<p><a href=\"https:\/\/salesianosatocha.es\/bachillerato\/wp-content\/blogs.dir\/28\/2013\/03\/geograf\u00eda.jpeg\"><img loading=\"lazy\" decoding=\"async\" class=\"aligncenter size-large wp-image-810\" alt=\"geograf\u00eda\" src=\"https:\/\/salesianosatocha.es\/bachillerato\/wp-content\/blogs.dir\/28\/2013\/03\/geograf\u00eda-1024x724.jpeg\" width=\"784\" height=\"554\" srcset=\"https:\/\/salesianosatocha.es\/bachillerato\/files\/2013\/03\/geograf\u00eda-1024x724.jpeg 1024w, https:\/\/salesianosatocha.es\/bachillerato\/files\/2013\/03\/geograf\u00eda-300x212.jpeg 300w, https:\/\/salesianosatocha.es\/bachillerato\/files\/2013\/03\/geograf\u00eda-400x284.jpeg 400w, https:\/\/salesianosatocha.es\/bachillerato\/files\/2013\/03\/geograf\u00eda-1080x764.jpeg 1080w, https:\/\/salesianosatocha.es\/bachillerato\/files\/2013\/03\/geograf\u00eda.jpeg 1684w\" sizes=\"(max-width: 784px) 100vw, 784px\" \/><\/a><\/p>\n<p>&nbsp;<\/p>\n<p>El programa de las Olimpiadas Territoriales de Madrid, que se celebrar\u00e1n este a\u00f1o el viernes 8 de Marzo en la Facultad de Geograf\u00eda e Historia de la Universidad Complutense de Madrid, es el siguiente:<\/p>\n<ul>\n<li>&#8211; 10:00 h. Presentaci\u00f3n del acto<\/li>\n<li>&#8211; 10:30 h. Inicio de la prueba (duraci\u00f3n aproximada de una hora)<\/li>\n<li>&#8211; 11:30 h. Presentaci\u00f3n de los nuevos Grados de Geograf\u00eda y Ordenaci\u00f3n del Territorio de la Universidad Complutense de Madrid y de la Universidad Aut\u00f3noma de Madrid<\/li>\n<li>&#8211; 12:00 h. Entrega de diplomas de participaci\u00f3n y proclamaci\u00f3n de los resultados<\/li>\n<\/ul>\n<p>El programa de contenidos es el mismo que el temario de selectividad. Los tres ganadores de esta primera fase territorial, participar\u00e1n en la Olimpiada Estatal, que tendr\u00e1 lugar los d\u00edas 13 y 14 de abril de 2013 en Madrid.<\/p>\n<p style=\"text-align: right;\"><a href=\"http:\/\/madrid.geografos.org\/?p=2933\" target=\"_blank\">M\u00e1s informaci\u00f3n<\/a><\/p>\n<p>&nbsp;<\/p>\n","protected":false},"excerpt":{"rendered":"<p>El pr\u00f3ximo viernes 8 de marzo, tendr\u00e1 lugar la III edici\u00f3n de la Olimpiada de Geograf\u00eda de Madrid, que organizan conjuntamente la la Delegaci\u00f3n Territorial del Colegio de Ge\u00f3grafos en Madrid, la Universidad Complutense de Madrid y la Universidad Aut\u00f3noma de Madrid, con la colaboraci\u00f3n del Instituto Geogr\u00e1fico Nacional y que est\u00e1 dirigida a todos [&hellip;]<\/p>\n","protected":false},"author":24,"featured_media":814,"comment_status":"open","ping_status":"open","sticky":false,"template":"","format":"standard","meta":{"_et_pb_use_builder":"","_et_pb_old_content":"","_et_gb_content_width":"","ngg_post_thumbnail":0,"footnotes":""},"categories":[18,17,8],"tags":[],"_links":{"self":[{"href":"https:\/\/salesianosatocha.es\/bachillerato\/wp-json\/wp\/v2\/posts\/809"}],"collection":[{"href":"https:\/\/salesianosatocha.es\/bachillerato\/wp-json\/wp\/v2\/posts"}],"about":[{"href":"https:\/\/salesianosatocha.es\/bachillerato\/wp-json\/wp\/v2\/types\/post"}],"author":[{"embeddable":true,"href":"https:\/\/salesianosatocha.es\/bachillerato\/wp-json\/wp\/v2\/users\/24"}],"replies":[{"embeddable":true,"href":"https:\/\/salesianosatocha.es\/bachillerato\/wp-json\/wp\/v2\/comments?post=809"}],"version-history":[{"count":5,"href":"https:\/\/salesianosatocha.es\/bachillerato\/wp-json\/wp\/v2\/posts\/809\/revisions"}],"predecessor-version":[{"id":816,"href":"https:\/\/salesianosatocha.es\/bachillerato\/wp-json\/wp\/v2\/posts\/809\/revisions\/816"}],"wp:featuredmedia":[{"embeddable":true,"href":"https:\/\/salesianosatocha.es\/bachillerato\/wp-json\/wp\/v2\/media\/814"}],"wp:attachment":[{"href":"https:\/\/salesianosatocha.es\/bachillerato\/wp-json\/wp\/v2\/media?parent=809"}],"wp:term":[{"taxonomy":"category","embeddable":true,"href":"https:\/\/salesianosatocha.es\/bachillerato\/wp-json\/wp\/v2\/categories?post=809"},{"taxonomy":"post_tag","embeddable":true,"href":"https:\/\/salesianosatocha.es\/bachillerato\/wp-json\/wp\/v2\/tags?post=809"}],"curies":[{"name":"wp","href":"https:\/\/api.w.org\/{rel}","templated":true}]}}