{"id":6973,"date":"2024-09-15T20:25:04","date_gmt":"2024-09-15T19:25:04","guid":{"rendered":"https:\/\/salesianosatocha.es\/bachillerato\/?p=6973"},"modified":"2024-09-15T20:25:15","modified_gmt":"2024-09-15T19:25:15","slug":"arrancamos-curso-en-bachillerato-2","status":"publish","type":"post","link":"https:\/\/salesianosatocha.es\/bachillerato\/blog\/2024\/09\/15\/arrancamos-curso-en-bachillerato-2\/","title":{"rendered":"Arrancamos curso en bachillerato"},"content":{"rendered":"\n<p>El d\u00eda 10 de septiembre inauguramos el nuevo curso 2024\/25 en la secci\u00f3n de Bachillerato. El sal\u00f3n de actos del colegio acogi\u00f3 tanto a los nuevos alumnos que se incorporan al primer curso, como a aquellos a los que este a\u00f1o finalizan la etapa en nuestro colegio. Un d\u00eda de reencuentros, presentaciones, abrazos y saludos tras las vacaciones de verano.<\/p>\n\n\n\n<p>Tanto el director del centro, \u00d3scar V\u00e1zquez, como el director pedag\u00f3gico de bachillerato, Juan Luis Herrero, en la presentaci\u00f3n del curso les animaron a vivir estos meses con alegr\u00eda salesiana y a no dejar de vivir experiencias de vida que les reporten felicidad, aunque se encuentren en una etapa de mucha exigencia acad\u00e9mica.<\/p>\n\n\n\n<p>La coordinadora de Pastoral de la secci\u00f3n, Cristina Jim\u00e9nez, tambi\u00e9n present\u00f3 la campa\u00f1a de la Inspector\u00eda salesiana y en la que se enmarcar\u00e1n las acciones y actividades de este curso: &#8216;Somos futuro&#8217;<\/p>\n\n\n\n<p>Posteriormente, el alumnado subi\u00f3 a las clases y tuvieron el primer encuentro con sus tutores y pudieron conocer o reencontrase con sus compa\u00f1eros de curso.<\/p>\n\n\n\n<figure class=\"wp-block-gallery has-nested-images columns-default is-cropped wp-block-gallery-1 is-layout-flex wp-block-gallery-is-layout-flex\">\n<figure class=\"wp-block-image size-large\"><img loading=\"lazy\" decoding=\"async\" width=\"1024\" height=\"768\" data-id=\"6982\" src=\"https:\/\/salesianosatocha.es\/bachillerato\/files\/2024\/09\/IMG_7979-1024x768.jpg\" alt=\"\" class=\"wp-image-6982\" srcset=\"https:\/\/salesianosatocha.es\/bachillerato\/files\/2024\/09\/IMG_7979-980x735.jpg 980w, https:\/\/salesianosatocha.es\/bachillerato\/files\/2024\/09\/IMG_7979-480x360.jpg 480w\" sizes=\"(min-width: 0px) and (max-width: 480px) 480px, (min-width: 481px) and (max-width: 980px) 980px, (min-width: 981px) 1024px, 100vw\" \/><\/figure>\n\n\n\n<figure class=\"wp-block-image size-large\"><img loading=\"lazy\" decoding=\"async\" width=\"768\" height=\"1024\" data-id=\"6980\" src=\"https:\/\/salesianosatocha.es\/bachillerato\/files\/2024\/09\/IMG_7985-1-768x1024.jpg\" alt=\"\" class=\"wp-image-6980\" \/><\/figure>\n\n\n\n<figure class=\"wp-block-image size-large\"><img loading=\"lazy\" decoding=\"async\" width=\"1024\" height=\"578\" data-id=\"6979\" src=\"https:\/\/salesianosatocha.es\/bachillerato\/files\/2024\/09\/bcddaf1e-3ae0-490e-8f43-62564bb421f5-1-1024x578.jpg\" alt=\"\" class=\"wp-image-6979\" srcset=\"https:\/\/salesianosatocha.es\/bachillerato\/files\/2024\/09\/bcddaf1e-3ae0-490e-8f43-62564bb421f5-1-980x553.jpg 980w, https:\/\/salesianosatocha.es\/bachillerato\/files\/2024\/09\/bcddaf1e-3ae0-490e-8f43-62564bb421f5-1-480x271.jpg 480w\" sizes=\"(min-width: 0px) and (max-width: 480px) 480px, (min-width: 481px) and (max-width: 980px) 980px, (min-width: 981px) 1024px, 100vw\" \/><\/figure>\n<\/figure>\n","protected":false},"excerpt":{"rendered":"<p>El d\u00eda 10 de septiembre inauguramos el nuevo curso 2024\/25 en la secci\u00f3n de Bachillerato. El sal\u00f3n de actos del colegio acogi\u00f3 tanto a los nuevos alumnos que se incorporan al primer curso, como a aquellos a los que este a\u00f1o finalizan la etapa en nuestro colegio. Un d\u00eda de reencuentros, presentaciones, abrazos y saludos [&hellip;]<\/p>\n","protected":false},"author":118,"featured_media":0,"comment_status":"open","ping_status":"open","sticky":false,"template":"","format":"standard","meta":{"_et_pb_use_builder":"off","_et_pb_old_content":"","_et_gb_content_width":"","ngg_post_thumbnail":0,"footnotes":""},"categories":[1],"tags":[],"_links":{"self":[{"href":"https:\/\/salesianosatocha.es\/bachillerato\/wp-json\/wp\/v2\/posts\/6973"}],"collection":[{"href":"https:\/\/salesianosatocha.es\/bachillerato\/wp-json\/wp\/v2\/posts"}],"about":[{"href":"https:\/\/salesianosatocha.es\/bachillerato\/wp-json\/wp\/v2\/types\/post"}],"author":[{"embeddable":true,"href":"https:\/\/salesianosatocha.es\/bachillerato\/wp-json\/wp\/v2\/users\/118"}],"replies":[{"embeddable":true,"href":"https:\/\/salesianosatocha.es\/bachillerato\/wp-json\/wp\/v2\/comments?post=6973"}],"version-history":[{"count":1,"href":"https:\/\/salesianosatocha.es\/bachillerato\/wp-json\/wp\/v2\/posts\/6973\/revisions"}],"predecessor-version":[{"id":6983,"href":"https:\/\/salesianosatocha.es\/bachillerato\/wp-json\/wp\/v2\/posts\/6973\/revisions\/6983"}],"wp:attachment":[{"href":"https:\/\/salesianosatocha.es\/bachillerato\/wp-json\/wp\/v2\/media?parent=6973"}],"wp:term":[{"taxonomy":"category","embeddable":true,"href":"https:\/\/salesianosatocha.es\/bachillerato\/wp-json\/wp\/v2\/categories?post=6973"},{"taxonomy":"post_tag","embeddable":true,"href":"https:\/\/salesianosatocha.es\/bachillerato\/wp-json\/wp\/v2\/tags?post=6973"}],"curies":[{"name":"wp","href":"https:\/\/api.w.org\/{rel}","templated":true}]}}