{"id":6782,"date":"2023-09-15T19:24:59","date_gmt":"2023-09-15T18:24:59","guid":{"rendered":"https:\/\/salesianosatocha.es\/bachillerato\/?p=6782"},"modified":"2023-09-15T19:32:45","modified_gmt":"2023-09-15T18:32:45","slug":"arrancamos-nuevo-curso-en-salesianos-atocha","status":"publish","type":"post","link":"https:\/\/salesianosatocha.es\/bachillerato\/blog\/2023\/09\/15\/arrancamos-nuevo-curso-en-salesianos-atocha\/","title":{"rendered":"ARRANCAMOS NUEVO CURSO EN SALESIANOS ATOCHA"},"content":{"rendered":"<p>[et_pb_section fb_built=\u00bb1&#8243; _builder_version=\u00bb4.22.1&#8243; _module_preset=\u00bbdefault\u00bb global_colors_info=\u00bb{}\u00bb][et_pb_row _builder_version=\u00bb4.22.1&#8243; _module_preset=\u00bbdefault\u00bb global_colors_info=\u00bb{}\u00bb][et_pb_column type=\u00bb4_4&#8243; _builder_version=\u00bb4.22.1&#8243; _module_preset=\u00bbdefault\u00bb global_colors_info=\u00bb{}\u00bb][et_pb_text _builder_version=\u00bb4.22.1&#8243; _module_preset=\u00bbdefault\u00bb global_colors_info=\u00bb{}\u00bb]<\/p>\n<p><span style=\"font-weight: 400;\">Los alumnos de bachillerato han comenzado el curso 2023\/24. El viernes, 8 de septiembre tuvo lugar en el teatro del colegio un sencillo acto de bienvenida. En \u00e9l, Oscar V\u00e1zquez, nuevo director titular de Salesianos Atocha, les anim\u00f3 a vivir un curso m\u00e1s all\u00e1 de las presiones y obligaciones que requiere esta etapa acad\u00e9mica. De hecho, insisti\u00f3 en la importancia de la organizaci\u00f3n diaria para no descuidar el plano personal, tan importante en esta etapa. \u201cSi os aplica\u00eds, pod\u00e9is con todo\u201d, les inst\u00f3.<\/span><\/p>\n<p><span style=\"font-weight: 400;\">Asimismo, el director pedag\u00f3gico de la secci\u00f3n, Juan Luis Herrero, en la misma l\u00ednea, incidi\u00f3 en la necesidad de \u201cser felices y de disfrutar del proceso\u201d, ya que bachillerato es una etapa que ha de vivirse m\u00e1s all\u00e1 de la impronta de la PAU. Herrero, en sus palabras insisti\u00f3 en que, se puede ser \u201cgente maravillosa, m\u00e1s all\u00e1 de un numerito\u201d, animando a desarrollarse en esta etapa en no solo en el \u00e1mbito acad\u00e9mico, sino tambi\u00e9n en el personal. La b\u00fasqueda de la felicidad debe estar en este proceso.<\/span><\/p>\n<p><span style=\"font-weight: 400;\">Adem\u00e1s, les insisti\u00f3 en la necesidad de construir relaciones sanas de amistad ya que en esta etapa del alumnado es determinante sentirse acompa\u00f1ado de sus compa\u00f1eros y amigos. Tambi\u00e9n subray\u00f3 la importancia de establecer un compromiso social como y de profundizar y nutrirse de los valores cristianos salesianos, ya que seg\u00fan las palabras de Don Bosco: \u201cde la sana educaci\u00f3n de los j\u00f3venes depende la felicidad de las naciones\u201d<\/span><\/p>\n<p><span style=\"font-weight: 400;\">Herrero, que asume el cargo de director pedag\u00f3gico, en sustituci\u00f3n de Marta Montero, quiso agradecer y poner en valor, en este acto de bienvenida, igual que el director titular, la labor que hab\u00eda desempe\u00f1ado en el colegio durante 25 a\u00f1os y en este cargo de responsabilidad durante los \u00faltimos seis.<\/span><\/p>\n<p><span style=\"font-weight: 400;\">En la inauguraci\u00f3n del curso 2023\/24 tambi\u00e9n se present\u00f3 el lema de la campa\u00f1a de Pastoral \u201cUn sue\u00f1o para ti\u201d y se les ley\u00f3 un texto.<\/span><\/p>\n<p><span style=\"font-weight: 400;\">(Ana Belen Romo)<\/span><\/p>\n<p>[\/et_pb_text][\/et_pb_column][\/et_pb_row][et_pb_row _builder_version=\u00bb4.22.1&#8243; _module_preset=\u00bbdefault\u00bb][et_pb_column _builder_version=\u00bb4.22.1&#8243; _module_preset=\u00bbdefault\u00bb type=\u00bb4_4&#8243;][et_pb_image src=\u00bbhttps:\/\/salesianosatocha.es\/bachillerato\/files\/2023\/09\/bachi1.png\u00bb _builder_version=\u00bb4.22.1&#8243; _module_preset=\u00bbdefault\u00bb title_text=\u00bbbachi1&#8243; hover_enabled=\u00bb0&#8243; sticky_enabled=\u00bb0&#8243;][\/et_pb_image][\/et_pb_column][\/et_pb_row][\/et_pb_section]<\/p>\n","protected":false},"excerpt":{"rendered":"<p>Los alumnos de bachillerato han comenzado el curso 2023\/24. El viernes, 8 de septiembre tuvo lugar en el teatro del colegio un sencillo acto de bienvenida. En \u00e9l, Oscar V\u00e1zquez, nuevo director titular de Salesianos Atocha, les anim\u00f3 a vivir un curso m\u00e1s all\u00e1 de las presiones y obligaciones que requiere esta etapa acad\u00e9mica. De [&hellip;]<\/p>\n","protected":false},"author":16,"featured_media":6786,"comment_status":"open","ping_status":"open","sticky":false,"template":"","format":"standard","meta":{"_et_pb_use_builder":"on","_et_pb_old_content":"","_et_gb_content_width":"","ngg_post_thumbnail":0,"footnotes":""},"categories":[1],"tags":[],"_links":{"self":[{"href":"https:\/\/salesianosatocha.es\/bachillerato\/wp-json\/wp\/v2\/posts\/6782"}],"collection":[{"href":"https:\/\/salesianosatocha.es\/bachillerato\/wp-json\/wp\/v2\/posts"}],"about":[{"href":"https:\/\/salesianosatocha.es\/bachillerato\/wp-json\/wp\/v2\/types\/post"}],"author":[{"embeddable":true,"href":"https:\/\/salesianosatocha.es\/bachillerato\/wp-json\/wp\/v2\/users\/16"}],"replies":[{"embeddable":true,"href":"https:\/\/salesianosatocha.es\/bachillerato\/wp-json\/wp\/v2\/comments?post=6782"}],"version-history":[{"count":4,"href":"https:\/\/salesianosatocha.es\/bachillerato\/wp-json\/wp\/v2\/posts\/6782\/revisions"}],"predecessor-version":[{"id":6789,"href":"https:\/\/salesianosatocha.es\/bachillerato\/wp-json\/wp\/v2\/posts\/6782\/revisions\/6789"}],"wp:featuredmedia":[{"embeddable":true,"href":"https:\/\/salesianosatocha.es\/bachillerato\/wp-json\/wp\/v2\/media\/6786"}],"wp:attachment":[{"href":"https:\/\/salesianosatocha.es\/bachillerato\/wp-json\/wp\/v2\/media?parent=6782"}],"wp:term":[{"taxonomy":"category","embeddable":true,"href":"https:\/\/salesianosatocha.es\/bachillerato\/wp-json\/wp\/v2\/categories?post=6782"},{"taxonomy":"post_tag","embeddable":true,"href":"https:\/\/salesianosatocha.es\/bachillerato\/wp-json\/wp\/v2\/tags?post=6782"}],"curies":[{"name":"wp","href":"https:\/\/api.w.org\/{rel}","templated":true}]}}