{"id":5575,"date":"2019-12-15T19:44:01","date_gmt":"2019-12-15T18:44:01","guid":{"rendered":"http:\/\/salesianosatocha.es\/bachillerato\/?p=5575"},"modified":"2019-12-15T19:44:03","modified_gmt":"2019-12-15T18:44:03","slug":"locos-por-el-voluntariado","status":"publish","type":"post","link":"https:\/\/salesianosatocha.es\/bachillerato\/blog\/2019\/12\/15\/locos-por-el-voluntariado\/","title":{"rendered":"&#8216;Locos&#8217; por el voluntariado"},"content":{"rendered":"\n<figure class=\"wp-block-image size-large\"><img loading=\"lazy\" decoding=\"async\" width=\"1024\" height=\"768\" src=\"https:\/\/salesianosatocha.es\/bachillerato\/files\/2019\/12\/IMG-20191212-WA0021-1024x768.jpg\" alt=\"\" class=\"wp-image-5576\" srcset=\"https:\/\/salesianosatocha.es\/bachillerato\/files\/2019\/12\/IMG-20191212-WA0021-980x735.jpg 980w, https:\/\/salesianosatocha.es\/bachillerato\/files\/2019\/12\/IMG-20191212-WA0021-480x360.jpg 480w\" sizes=\"(min-width: 0px) and (max-width: 480px) 480px, (min-width: 481px) and (max-width: 980px) 980px, (min-width: 981px) 1024px, 100vw\" \/><\/figure>\n\n\n\n<p>Dentro de las actividades promovidas por la Pastoral de la\nsecci\u00f3n de Bachillerato se ha puesto en marcha un programa para que los alumnos\npuedan participar en una experiencia de voluntariado.<\/p>\n\n\n\n<p>La iniciativa lleva por t\u00edtulo \u2018Loco Festival\u2019 y se enmarca\nen un campa\u00f1a que ha puesto en marcha Alto Comisionado de las Naciones Unidas\npara los Refugiados (ACNUR) con centros educativos para que los educandos se\npuedan implicar en la ayuda a aquellos que m\u00e1s lo necesitan.<\/p>\n\n\n\n<p>La semana pasada tuvo lugar la primera toma de contacto con los alumnos interesados formar parte del \u2018Loco Festival\u2019. En primer lugar, el alumnado tendr\u00e1 que pensar en qu\u00e9 proyecto va a poner en marcha para colaborar con ACNUR y posteriormente, se organizar\u00e1n las comisiones para planificar c\u00f3mo se llevar\u00e1 a cabo.<\/p>\n\n\n\n<p>Los alumnos de primero y segundo de Bachillerato que a\u00fan quieran formar parte del \u2018Loco Festival\u2019 salesiano pueden hacerlo, s\u00f3lo tienen que ponerse en contacto con el coordinador de Pastoral de la secci\u00f3n, Juan Luis Herrero.<\/p>\n\n\n\n<figure class=\"wp-block-embed\"><div class=\"wp-block-embed__wrapper\">\nhttps:\/\/locofestival.eacnur.org\/\n<\/div><\/figure>\n\n\n\n<figure class=\"wp-block-image size-large\"><img loading=\"lazy\" decoding=\"async\" width=\"1024\" height=\"768\" src=\"https:\/\/salesianosatocha.es\/bachillerato\/files\/2019\/12\/IMG-20191212-WA0017-1024x768.jpg\" alt=\"\" class=\"wp-image-5581\" srcset=\"https:\/\/salesianosatocha.es\/bachillerato\/files\/2019\/12\/IMG-20191212-WA0017-980x735.jpg 980w, https:\/\/salesianosatocha.es\/bachillerato\/files\/2019\/12\/IMG-20191212-WA0017-480x360.jpg 480w\" sizes=\"(min-width: 0px) and (max-width: 480px) 480px, (min-width: 481px) and (max-width: 980px) 980px, (min-width: 981px) 1024px, 100vw\" \/><\/figure>\n","protected":false},"excerpt":{"rendered":"<p>Dentro de las actividades promovidas por la Pastoral de la secci\u00f3n de Bachillerato se ha puesto en marcha un programa para que los alumnos puedan participar en una experiencia de voluntariado. La iniciativa lleva por t\u00edtulo \u2018Loco Festival\u2019 y se enmarca en un campa\u00f1a que ha puesto en marcha Alto Comisionado de las Naciones Unidas [&hellip;]<\/p>\n","protected":false},"author":118,"featured_media":5577,"comment_status":"open","ping_status":"open","sticky":false,"template":"","format":"standard","meta":{"_et_pb_use_builder":"off","_et_pb_old_content":"","_et_gb_content_width":"","ngg_post_thumbnail":0,"footnotes":""},"categories":[17,16],"tags":[],"_links":{"self":[{"href":"https:\/\/salesianosatocha.es\/bachillerato\/wp-json\/wp\/v2\/posts\/5575"}],"collection":[{"href":"https:\/\/salesianosatocha.es\/bachillerato\/wp-json\/wp\/v2\/posts"}],"about":[{"href":"https:\/\/salesianosatocha.es\/bachillerato\/wp-json\/wp\/v2\/types\/post"}],"author":[{"embeddable":true,"href":"https:\/\/salesianosatocha.es\/bachillerato\/wp-json\/wp\/v2\/users\/118"}],"replies":[{"embeddable":true,"href":"https:\/\/salesianosatocha.es\/bachillerato\/wp-json\/wp\/v2\/comments?post=5575"}],"version-history":[{"count":1,"href":"https:\/\/salesianosatocha.es\/bachillerato\/wp-json\/wp\/v2\/posts\/5575\/revisions"}],"predecessor-version":[{"id":5582,"href":"https:\/\/salesianosatocha.es\/bachillerato\/wp-json\/wp\/v2\/posts\/5575\/revisions\/5582"}],"wp:featuredmedia":[{"embeddable":true,"href":"https:\/\/salesianosatocha.es\/bachillerato\/wp-json\/wp\/v2\/media\/5577"}],"wp:attachment":[{"href":"https:\/\/salesianosatocha.es\/bachillerato\/wp-json\/wp\/v2\/media?parent=5575"}],"wp:term":[{"taxonomy":"category","embeddable":true,"href":"https:\/\/salesianosatocha.es\/bachillerato\/wp-json\/wp\/v2\/categories?post=5575"},{"taxonomy":"post_tag","embeddable":true,"href":"https:\/\/salesianosatocha.es\/bachillerato\/wp-json\/wp\/v2\/tags?post=5575"}],"curies":[{"name":"wp","href":"https:\/\/api.w.org\/{rel}","templated":true}]}}