{"id":5527,"date":"2019-10-30T21:20:48","date_gmt":"2019-10-30T20:20:48","guid":{"rendered":"http:\/\/salesianosatocha.es\/bachillerato\/?p=5527"},"modified":"2019-11-22T08:11:49","modified_gmt":"2019-11-22T07:11:49","slug":"filosofia-y-escultura-tematica-de-la-exposicion-de-tabacalera","status":"publish","type":"post","link":"https:\/\/salesianosatocha.es\/bachillerato\/blog\/2019\/10\/30\/filosofia-y-escultura-tematica-de-la-exposicion-de-tabacalera\/","title":{"rendered":"Filosof\u00eda y escultura: tem\u00e1tica de la exposici\u00f3n de Tabacalera"},"content":{"rendered":"\n<figure class=\"wp-block-image\"><img loading=\"lazy\" decoding=\"async\" width=\"1024\" height=\"768\" src=\"https:\/\/salesianosatocha.es\/bachillerato\/files\/2019\/10\/IMG-20191024-WA0028-1024x768.jpg\" alt=\"\" class=\"wp-image-5528\" srcset=\"https:\/\/salesianosatocha.es\/bachillerato\/files\/2019\/10\/IMG-20191024-WA0028-980x735.jpg 980w, https:\/\/salesianosatocha.es\/bachillerato\/files\/2019\/10\/IMG-20191024-WA0028-480x360.jpg 480w\" sizes=\"(min-width: 0px) and (max-width: 480px) 480px, (min-width: 481px) and (max-width: 980px) 980px, (min-width: 981px) 1024px, 100vw\" \/><figcaption>El alumnado de Primero de Bachillerato y los profesores de Filosof\u00eda de Salesianos Atocha visitando la exposici\u00f3n<\/figcaption><\/figure>\n\n\n\n<p><strong>Almudena Ferm\u00edn-alumna Primero Bachillerato<\/strong><\/p>\n\n\n\n<p>El jueves 24 de octubre, alumnos de  Primero de Bachillerato asistimos voluntariamente a una exposici\u00f3n del escultor <strong>Leiro<\/strong> relacionada con la asignatura de Filosof\u00eda en la Tabacalera-Promoci\u00f3n de Arte, situada en la calle Embajadores 51.<\/p>\n\n\n\n<p>La exposici\u00f3n fue amena, porque no simplemente vimos obras de arte, sino que adem\u00e1s tuvimos que interactuar con ellas. Una primera actividad que nos propusieron los artistas <strong>Cristina Spinelli y \u00c1lvaro Chior<\/strong>, despu\u00e9s de haber comentado algunas obras, fue realizar grupos de 5 personas e ir por la exposici\u00f3n haciendo memes con ellas y mand\u00e1ndolos por el grupo de WhatsApp que hab\u00edan creado. Algunos de los memes que se realizaron fueron los siguientes:<br \/><\/p>\n\n\n\n<figure class=\"wp-block-image\"><img decoding=\"async\" src=\"https:\/\/lh6.googleusercontent.com\/hXby8l7iJhhbr_TDdsipi0Fw5M4WCsmAoKIOjWtg0MBI4OaRb6omiDt_kuvx2KGB_262kLHrNAInBR2SaMJPZqSMFZHGeSsxDmF_8fQNOAbmR5qKs7zu_Q8vdtyK13b94nihcyZT\" alt=\"\" \/><\/figure>\n\n\n\n<figure class=\"wp-block-image\"><img decoding=\"async\" src=\"https:\/\/lh5.googleusercontent.com\/XuGhlroZnfWzwcvUByIrzmh9YwISvZeNqgpTJFQWo1SJ0_4g559LHoxV9WjXHdg57ClXTnpz2XrymBkE9fHJGI8EJBbtC6OM-Bx5WLuGNRsHY-QnGyYXU314mj6UrrUiHqoOQWLN\" alt=\"\" \/><\/figure>\n\n\n\n<figure class=\"wp-block-image\"><img decoding=\"async\" src=\"https:\/\/lh3.googleusercontent.com\/ZzwiDzX0sQeslurTJsXiQAH0ObgxbhU50SJE2D2TFrww_UtjkPO8IUNAaHyedMSnE1vDkPyTbdwHSbfljHqsDSPkoAipQS78UQIh6RpWaaHWOXguGReR6gDmPmoX_RopLgZwSA5y\" alt=\"\" \/><\/figure>\n\n\n\n<p>Seguido de esto, por los mismos grupos tuvimos que escenificar una obra. \u00a1Todas fueron superoriginales!&nbsp;<\/p>\n\n\n\n<p>Fue una experiencia diferente para observar e interpretar obras de arte.<br \/><\/p>\n","protected":false},"excerpt":{"rendered":"<p>Almudena Ferm\u00edn-alumna Primero Bachillerato El jueves 24 de octubre, alumnos de Primero de Bachillerato asistimos voluntariamente a una exposici\u00f3n del escultor Leiro relacionada con la asignatura de Filosof\u00eda en la Tabacalera-Promoci\u00f3n de Arte, situada en la calle Embajadores 51. La exposici\u00f3n fue amena, porque no simplemente vimos obras de arte, sino que adem\u00e1s tuvimos que [&hellip;]<\/p>\n","protected":false},"author":118,"featured_media":5528,"comment_status":"open","ping_status":"open","sticky":false,"template":"","format":"standard","meta":{"_et_pb_use_builder":"off","_et_pb_old_content":"","_et_gb_content_width":"","ngg_post_thumbnail":0,"footnotes":""},"categories":[1],"tags":[],"_links":{"self":[{"href":"https:\/\/salesianosatocha.es\/bachillerato\/wp-json\/wp\/v2\/posts\/5527"}],"collection":[{"href":"https:\/\/salesianosatocha.es\/bachillerato\/wp-json\/wp\/v2\/posts"}],"about":[{"href":"https:\/\/salesianosatocha.es\/bachillerato\/wp-json\/wp\/v2\/types\/post"}],"author":[{"embeddable":true,"href":"https:\/\/salesianosatocha.es\/bachillerato\/wp-json\/wp\/v2\/users\/118"}],"replies":[{"embeddable":true,"href":"https:\/\/salesianosatocha.es\/bachillerato\/wp-json\/wp\/v2\/comments?post=5527"}],"version-history":[{"count":2,"href":"https:\/\/salesianosatocha.es\/bachillerato\/wp-json\/wp\/v2\/posts\/5527\/revisions"}],"predecessor-version":[{"id":5563,"href":"https:\/\/salesianosatocha.es\/bachillerato\/wp-json\/wp\/v2\/posts\/5527\/revisions\/5563"}],"wp:featuredmedia":[{"embeddable":true,"href":"https:\/\/salesianosatocha.es\/bachillerato\/wp-json\/wp\/v2\/media\/5528"}],"wp:attachment":[{"href":"https:\/\/salesianosatocha.es\/bachillerato\/wp-json\/wp\/v2\/media?parent=5527"}],"wp:term":[{"taxonomy":"category","embeddable":true,"href":"https:\/\/salesianosatocha.es\/bachillerato\/wp-json\/wp\/v2\/categories?post=5527"},{"taxonomy":"post_tag","embeddable":true,"href":"https:\/\/salesianosatocha.es\/bachillerato\/wp-json\/wp\/v2\/tags?post=5527"}],"curies":[{"name":"wp","href":"https:\/\/api.w.org\/{rel}","templated":true}]}}