{"id":5343,"date":"2019-02-20T14:08:01","date_gmt":"2019-02-20T13:08:01","guid":{"rendered":"http:\/\/salesianosatocha.es\/bachillerato\/?p=5343"},"modified":"2019-02-20T14:08:02","modified_gmt":"2019-02-20T13:08:02","slug":"puertas-abiertas-en-bachillerato","status":"publish","type":"post","link":"https:\/\/salesianosatocha.es\/bachillerato\/blog\/2019\/02\/20\/puertas-abiertas-en-bachillerato\/","title":{"rendered":"\u00abPuertas abiertas\u00bb en bachillerato"},"content":{"rendered":"\n<p>El viernes 8 de febrero, la secci\u00f3n de Bachillerato abri\u00f3 sus puertas para que las familias que est\u00e1n buscando un centro para que sus hijos estudien bachillerato, pudieran conocer, de primera mano, nuestra oferta y proyecto educativo de cara a estudiar en Salesianos Atocha el curso 2019\/2020.<\/p>\n\n\n\n<p>A las familias que nos visitaron se les dio una carpeta con la informaci\u00f3n b\u00e1sica y con una propuesta de recorrido por la secci\u00f3n: charlas de 7 minutos sobre diferentes aspectos de nuestra oferta, ofrecidas por alumnos del centro y la visita a los laboratorios, d\u00f3nde los propios alumnos explicaban lo que hac\u00edan. Tambi\u00e9n, su presencia facilit\u00f3 la consulta directa a personas que el a\u00f1os anterior ten\u00edan preocupaciones parecidas.<\/p>\n\n\n\n<p>En todo momento estuvieron presentes los profesores de la secci\u00f3n para acompa\u00f1ar y resolver dudas a las familias.<\/p>\n\n\n\n<p>Se repartieron las doscientas carpetas que ten\u00edamos preparadas, lo que indica el \u00e9xito de la convocatoria.  Y queremos agradecer la implicaci\u00f3n de todos los alumnos de primero y segundo que participaron, y mostraron con su presencia y saber hacer, el ambiente que se respira en nuestra secci\u00f3n.<\/p>\n\n\n\n<p>Si quer\u00e9is antes de la misma contactar con nosotros por la raz\u00f3n que sea pod\u00e9is hacerlo a trav\u00e9s de la siguiente direcci\u00f3n de correo, pensad que ya est\u00e1n matriculando: infobach@salesianosatocha.es<\/p>\n\n\n\nngg_shortcode_0_placeholder\n","protected":false},"excerpt":{"rendered":"<p>El viernes 8 de febrero, la secci\u00f3n de Bachillerato abri\u00f3 sus puertas para que las familias que est\u00e1n buscando un centro para que sus hijos estudien bachillerato, pudieran conocer, de primera mano, nuestra oferta y proyecto educativo de cara a estudiar en Salesianos Atocha el curso 2019\/2020. A las familias que nos visitaron se les [&hellip;]<\/p>\n","protected":false},"author":116,"featured_media":5345,"comment_status":"open","ping_status":"open","sticky":false,"template":"","format":"standard","meta":{"_et_pb_use_builder":"off","_et_pb_old_content":"","_et_gb_content_width":"","ngg_post_thumbnail":0,"footnotes":""},"categories":[1],"tags":[],"_links":{"self":[{"href":"https:\/\/salesianosatocha.es\/bachillerato\/wp-json\/wp\/v2\/posts\/5343"}],"collection":[{"href":"https:\/\/salesianosatocha.es\/bachillerato\/wp-json\/wp\/v2\/posts"}],"about":[{"href":"https:\/\/salesianosatocha.es\/bachillerato\/wp-json\/wp\/v2\/types\/post"}],"author":[{"embeddable":true,"href":"https:\/\/salesianosatocha.es\/bachillerato\/wp-json\/wp\/v2\/users\/116"}],"replies":[{"embeddable":true,"href":"https:\/\/salesianosatocha.es\/bachillerato\/wp-json\/wp\/v2\/comments?post=5343"}],"version-history":[{"count":5,"href":"https:\/\/salesianosatocha.es\/bachillerato\/wp-json\/wp\/v2\/posts\/5343\/revisions"}],"predecessor-version":[{"id":5369,"href":"https:\/\/salesianosatocha.es\/bachillerato\/wp-json\/wp\/v2\/posts\/5343\/revisions\/5369"}],"wp:featuredmedia":[{"embeddable":true,"href":"https:\/\/salesianosatocha.es\/bachillerato\/wp-json\/wp\/v2\/media\/5345"}],"wp:attachment":[{"href":"https:\/\/salesianosatocha.es\/bachillerato\/wp-json\/wp\/v2\/media?parent=5343"}],"wp:term":[{"taxonomy":"category","embeddable":true,"href":"https:\/\/salesianosatocha.es\/bachillerato\/wp-json\/wp\/v2\/categories?post=5343"},{"taxonomy":"post_tag","embeddable":true,"href":"https:\/\/salesianosatocha.es\/bachillerato\/wp-json\/wp\/v2\/tags?post=5343"}],"curies":[{"name":"wp","href":"https:\/\/api.w.org\/{rel}","templated":true}]}}