{"id":1947,"date":"2015-05-12T10:56:51","date_gmt":"2015-05-12T10:56:51","guid":{"rendered":"http:\/\/salesianosatocha.es\/bachillerato\/?p=1947"},"modified":"2015-11-13T13:36:20","modified_gmt":"2015-11-13T13:36:20","slug":"graduacion-curso-20142015","status":"publish","type":"post","link":"https:\/\/salesianosatocha.es\/bachillerato\/blog\/2015\/05\/12\/graduacion-curso-20142015\/","title":{"rendered":"Graduaci\u00f3n curso 2014\/2015"},"content":{"rendered":"<p style=\"text-align: justify\"><a href=\"https:\/\/salesianosatocha.es\/bachillerato\/files\/2015\/05\/IMG-20150509-WA0007.jpg\"><img loading=\"lazy\" decoding=\"async\" class=\"alignleft wp-image-1950\" src=\"https:\/\/salesianosatocha.es\/bachillerato\/files\/2015\/05\/IMG-20150509-WA0007-300x202.jpg\" alt=\"IMG-20150509-WA0007\" width=\"260\" height=\"175\" srcset=\"https:\/\/salesianosatocha.es\/bachillerato\/files\/2015\/05\/IMG-20150509-WA0007-300x202.jpg 300w, https:\/\/salesianosatocha.es\/bachillerato\/files\/2015\/05\/IMG-20150509-WA0007-1024x688.jpg 1024w, https:\/\/salesianosatocha.es\/bachillerato\/files\/2015\/05\/IMG-20150509-WA0007.jpg 1071w\" sizes=\"(max-width: 260px) 100vw, 260px\" \/><\/a>Va a ser verdad que el curso est\u00e1 tocando a su fin. La agenda se llena en este mes de Mayo con fechas de ex\u00e1menes y festividades que ante la selectividad quedan reservadas para ser celebradas en los a\u00f1os venideros.<\/p>\n<p style=\"text-align: justify\">As\u00ed pues, parece imposible que entre medias de todo este ajetreo hayamos podido encontrar un momento de disfrute como el que tuvimos el pasado viernes. Un rato en el que olvidarnos de notas, agobios y dificultades. Un rato para celebrar. Y es que, como nos dijeron al comienzo del acto de clausura, no \u00e9ramos solo convocados para esa imposici\u00f3n de becas, \u00e9ramos convocados a celebrar y compartir las vivencias de estos dos \u00faltimos a\u00f1os. Las alegr\u00edas principalmente pero tambi\u00e9n, por qu\u00e9 no, esas peque\u00f1as insatisfacciones que nos han ayudado a crecer.<\/p>\n<p style=\"text-align: justify\"><a href=\"https:\/\/salesianosatocha.es\/bachillerato\/files\/2015\/05\/IMG-20150509-WA0009.jpg\"><img loading=\"lazy\" decoding=\"async\" class=\"alignright wp-image-1952\" src=\"https:\/\/salesianosatocha.es\/bachillerato\/files\/2015\/05\/IMG-20150509-WA0009-300x225.jpg\" alt=\"IMG-20150509-WA0009\" width=\"255\" height=\"191\" srcset=\"https:\/\/salesianosatocha.es\/bachillerato\/files\/2015\/05\/IMG-20150509-WA0009-300x225.jpg 300w, https:\/\/salesianosatocha.es\/bachillerato\/files\/2015\/05\/IMG-20150509-WA0009-1024x768.jpg 1024w, https:\/\/salesianosatocha.es\/bachillerato\/files\/2015\/05\/IMG-20150509-WA0009-1080x810.jpg 1080w, https:\/\/salesianosatocha.es\/bachillerato\/files\/2015\/05\/IMG-20150509-WA0009.jpg 1280w\" sizes=\"(max-width: 255px) 100vw, 255px\" \/><\/a>La tarde se present\u00f3 espectacular con el sol alumbrando en lo m\u00e1s lo alto y haciendo que las galas que nos hab\u00edamos puesto para tan merecida ocasi\u00f3n nos hiciesen brillar con luz propia. Quienes os acompa\u00f1aron tambi\u00e9n vest\u00edan con lo mejor de su vestidor e incluso a\u00f1adieron alguna l\u00e1grima emocionada a su maquillaje cuando os ve\u00edan subir al escenario. Y es que la ceremonia de clausura transcurri\u00f3 entre momentos emotivos, como el discurso que dedicaron Luis e Isabel en representaci\u00f3n de los alumnos o la imposici\u00f3n de becas, y otros donde nos relajamos viendo las fotos de tantas cosas que hemos hecho a lo largo de estos dos a\u00f1os, desde el proyecto de touratocha al viaje a Italia pasando por vuestra participaci\u00f3n en las olimpiadas de econom\u00eda\u00a0 o geograf\u00eda, la famosa suelta de globos, los #histos, el camino de Santiago, vuestros trabajos en clase, las veladas de don Bosco&#8230; y tantos y tantos momentos en que hemos compartido nuestra felicidad.<\/p>\n<p style=\"text-align: justify\">Terminado el acto de clausura, padres, alumnos y profesores pudimos seguir disfrutando en el cocktail de un rato de charla que se mezcl\u00f3 con las fotos que nos hac\u00edamos, los abrazos que nos dimos o las dedicatorias que firmamos antes de que nos dirigi\u00e9semos al restaurante en el que unos despedimos la noche mientras los protagonistas os marchabais a seguir creando recuerdos que asociar\u00e9is siempre a vuestro paso por los Salesianos de Atocha.<\/p>\n<p style=\"text-align: justify\">La celebraci\u00f3n del pasado viernes parece evidenciar que el curso <a href=\"https:\/\/salesianosatocha.es\/bachillerato\/files\/2015\/05\/IMAG3385_1.jpg\"><img loading=\"lazy\" decoding=\"async\" class=\" wp-image-1953 alignright\" src=\"https:\/\/salesianosatocha.es\/bachillerato\/files\/2015\/05\/IMAG3385_1-300x116.jpg\" alt=\"IMAG3385_1\" width=\"297\" height=\"115\" srcset=\"https:\/\/salesianosatocha.es\/bachillerato\/files\/2015\/05\/IMAG3385_1-300x116.jpg 300w, https:\/\/salesianosatocha.es\/bachillerato\/files\/2015\/05\/IMAG3385_1-1024x396.jpg 1024w, https:\/\/salesianosatocha.es\/bachillerato\/files\/2015\/05\/IMAG3385_1-1080x418.jpg 1080w\" sizes=\"(max-width: 297px) 100vw, 297px\" \/><\/a>est\u00e1 a punto de acabar. Lo que ten\u00e9is por delante es extraordinario. Disfrutadlo, sed felices y no olvid\u00e9is que, como nos dijo el director en su discurso y nos recordaron Julia y Juan Carlos, aqu\u00ed est\u00e1 vuestra casa.<\/p>\n<p style=\"text-align: center\"><a href=\"https:\/\/salesianosatocha.es\/bachillerato\/files\/2015\/05\/DISCURSO-ALUMNOS-2\u00ba-DE-BACHILLERATO.pdf\">DISCURSO ALUMNOS 2\u00ba DE BACHILLERATO<\/a><\/p>\n<p style=\"text-align: center\">\n<p style=\"text-align: center\"><a href=\"https:\/\/docs.google.com\/a\/salesianosatocha.es\/uc?id=0B4bKKPsaUsC5SlhFcFlNNE9TdWc&amp;export=download\" target=\"_blank\">Descargar v\u00eddeo<\/a><\/p>\n","protected":false},"excerpt":{"rendered":"<p>Va a ser verdad que el curso est\u00e1 tocando a su fin. La agenda se llena en este mes de Mayo con fechas de ex\u00e1menes, y festividades que ante la selectividad quedan reservadas para ser celebradas en los a\u00f1os venideros.<\/p>\n","protected":false},"author":24,"featured_media":0,"comment_status":"open","ping_status":"open","sticky":false,"template":"","format":"standard","meta":{"_et_pb_use_builder":"","_et_pb_old_content":"","_et_gb_content_width":"","ngg_post_thumbnail":0,"footnotes":""},"categories":[17,1,8,35],"tags":[107,103,90,104,52],"_links":{"self":[{"href":"https:\/\/salesianosatocha.es\/bachillerato\/wp-json\/wp\/v2\/posts\/1947"}],"collection":[{"href":"https:\/\/salesianosatocha.es\/bachillerato\/wp-json\/wp\/v2\/posts"}],"about":[{"href":"https:\/\/salesianosatocha.es\/bachillerato\/wp-json\/wp\/v2\/types\/post"}],"author":[{"embeddable":true,"href":"https:\/\/salesianosatocha.es\/bachillerato\/wp-json\/wp\/v2\/users\/24"}],"replies":[{"embeddable":true,"href":"https:\/\/salesianosatocha.es\/bachillerato\/wp-json\/wp\/v2\/comments?post=1947"}],"version-history":[{"count":11,"href":"https:\/\/salesianosatocha.es\/bachillerato\/wp-json\/wp\/v2\/posts\/1947\/revisions"}],"predecessor-version":[{"id":2297,"href":"https:\/\/salesianosatocha.es\/bachillerato\/wp-json\/wp\/v2\/posts\/1947\/revisions\/2297"}],"wp:attachment":[{"href":"https:\/\/salesianosatocha.es\/bachillerato\/wp-json\/wp\/v2\/media?parent=1947"}],"wp:term":[{"taxonomy":"category","embeddable":true,"href":"https:\/\/salesianosatocha.es\/bachillerato\/wp-json\/wp\/v2\/categories?post=1947"},{"taxonomy":"post_tag","embeddable":true,"href":"https:\/\/salesianosatocha.es\/bachillerato\/wp-json\/wp\/v2\/tags?post=1947"}],"curies":[{"name":"wp","href":"https:\/\/api.w.org\/{rel}","templated":true}]}}