{"id":1663,"date":"2014-04-09T08:54:02","date_gmt":"2014-04-09T08:54:02","guid":{"rendered":"http:\/\/salesianosatocha.es\/bachillerato\/?p=1663"},"modified":"2014-04-09T08:54:02","modified_gmt":"2014-04-09T08:54:02","slug":"subcampeon-filosofico","status":"publish","type":"post","link":"https:\/\/salesianosatocha.es\/bachillerato\/blog\/2014\/04\/09\/subcampeon-filosofico\/","title":{"rendered":"Subcampe\u00f3n filos\u00f3fico"},"content":{"rendered":"<div id=\"attachment_1666\" style=\"width: 266px\" class=\"wp-caption alignleft\"><a href=\"https:\/\/salesianosatocha.es\/bachillerato\/files\/2014\/04\/DSC_0323.jpg\"><img loading=\"lazy\" decoding=\"async\" aria-describedby=\"caption-attachment-1666\" class=\" wp-image-1666 \" alt=\"DSC_0323\" src=\"https:\/\/salesianosatocha.es\/bachillerato\/files\/2014\/04\/DSC_0323-300x168.jpg\" width=\"256\" height=\"143\" \/><\/a><p id=\"caption-attachment-1666\" class=\"wp-caption-text\">Fernando en plena disertaci\u00f3n<\/p><\/div>\n<p style=\"text-align: justify;\">\u00a0El pasado viernes 4 de abril los alumnos finalistas de la IV olimpiada de filosof\u00eda acud\u00edan a la universidad aut\u00f3noma de Madrid donde se iba a celebrar la \u00faltima parte de este certamen. En ella se pudieron ver las distintas im\u00e1genes presentadas en la categor\u00eda de fotograf\u00eda filos\u00f3fica entre las que se encontraba la de Tom\u00e1s Criado, alumno de Primero C, y tambi\u00e9n se expusieron las disertaciones en las que nuestros alumnos Claudia Ferrero, de segundo A, y Fernando Hern\u00e1ndez, de primero B, hab\u00edan alcanzado la final. Tras un tiempo en el que el jurado tuvo que dilucidar, se pas\u00f3 a la entrega de premios en la cual Fernando obtuvo un muy meritorio segundo puesto recibiendo una tablet como premio y pasando a la final nacional que se celebrar\u00e1 en Salamanca el \u00faltimo fin de semana de Abril. As\u00ed pues enhorabuena por este gran \u00e9xito y mucha suerte para la cita venidera.<\/p>\n<p style=\"text-align: justify;\">\n<p style=\"text-align: justify;\">Enhorabuena tambi\u00e9n a los otros dos finalistas, al resto de participantes por el gran inter\u00e9s demostrado, y a los profesores de filosof\u00eda por la gran labor realizada.<\/p>\n<div id=\"attachment_1668\" style=\"width: 266px\" class=\"wp-caption aligncenter\"><a href=\"https:\/\/salesianosatocha.es\/bachillerato\/files\/2014\/04\/IMG_1452.jpg\"><img loading=\"lazy\" decoding=\"async\" aria-describedby=\"caption-attachment-1668\" class=\" wp-image-1668   \" alt=\"IMG_1452\" src=\"https:\/\/salesianosatocha.es\/bachillerato\/files\/2014\/04\/IMG_1452-300x225.jpg\" width=\"256\" height=\"192\" \/><\/a><p id=\"caption-attachment-1668\" class=\"wp-caption-text\">Foto obtenida de http:\/\/olimpiadafilosoficacm.blogspot.com.es\/<\/p><\/div>\n<div id=\"attachment_1667\" style=\"width: 266px\" class=\"wp-caption aligncenter\"><a href=\"https:\/\/salesianosatocha.es\/bachillerato\/files\/2014\/04\/IMG_1285.jpg\"><img loading=\"lazy\" decoding=\"async\" aria-describedby=\"caption-attachment-1667\" class=\"wp-image-1667   \" alt=\"IMG_1285\" src=\"https:\/\/salesianosatocha.es\/bachillerato\/files\/2014\/04\/IMG_1285-300x225.jpg\" width=\"256\" height=\"192\" srcset=\"https:\/\/salesianosatocha.es\/bachillerato\/files\/2014\/04\/IMG_1285-300x225.jpg 300w, https:\/\/salesianosatocha.es\/bachillerato\/files\/2014\/04\/IMG_1285-1024x768.jpg 1024w, https:\/\/salesianosatocha.es\/bachillerato\/files\/2014\/04\/IMG_1285-1080x810.jpg 1080w, https:\/\/salesianosatocha.es\/bachillerato\/files\/2014\/04\/IMG_1285.jpg 1600w\" sizes=\"(max-width: 256px) 100vw, 256px\" \/><\/a><p id=\"caption-attachment-1667\" class=\"wp-caption-text\">Foto obtenida de http:\/\/olimpiadafilosoficacm.blogspot.com.es\/<\/p><\/div>\n<p style=\"text-align: center;\">[wpfilebase tag=file id=99 \/]<\/p>\n","protected":false},"excerpt":{"rendered":"<p>Fernando Hern\u00e1ndez Llano, alumno de primero B, se ha proclamado subcampe\u00f3n de la olimpiada filos\u00f3fica en la categor\u00eda de disertaci\u00f3n y tendr\u00e1 la oportunidad de participar en la fase nacional del certamen que se celebrar\u00e1 en Salamanca<\/p>\n","protected":false},"author":24,"featured_media":1665,"comment_status":"open","ping_status":"open","sticky":false,"template":"","format":"standard","meta":{"_et_pb_use_builder":"","_et_pb_old_content":"","_et_gb_content_width":"","ngg_post_thumbnail":0,"footnotes":""},"categories":[18,17,29,1,8],"tags":[107,57,64,46],"_links":{"self":[{"href":"https:\/\/salesianosatocha.es\/bachillerato\/wp-json\/wp\/v2\/posts\/1663"}],"collection":[{"href":"https:\/\/salesianosatocha.es\/bachillerato\/wp-json\/wp\/v2\/posts"}],"about":[{"href":"https:\/\/salesianosatocha.es\/bachillerato\/wp-json\/wp\/v2\/types\/post"}],"author":[{"embeddable":true,"href":"https:\/\/salesianosatocha.es\/bachillerato\/wp-json\/wp\/v2\/users\/24"}],"replies":[{"embeddable":true,"href":"https:\/\/salesianosatocha.es\/bachillerato\/wp-json\/wp\/v2\/comments?post=1663"}],"version-history":[{"count":5,"href":"https:\/\/salesianosatocha.es\/bachillerato\/wp-json\/wp\/v2\/posts\/1663\/revisions"}],"predecessor-version":[{"id":1672,"href":"https:\/\/salesianosatocha.es\/bachillerato\/wp-json\/wp\/v2\/posts\/1663\/revisions\/1672"}],"wp:featuredmedia":[{"embeddable":true,"href":"https:\/\/salesianosatocha.es\/bachillerato\/wp-json\/wp\/v2\/media\/1665"}],"wp:attachment":[{"href":"https:\/\/salesianosatocha.es\/bachillerato\/wp-json\/wp\/v2\/media?parent=1663"}],"wp:term":[{"taxonomy":"category","embeddable":true,"href":"https:\/\/salesianosatocha.es\/bachillerato\/wp-json\/wp\/v2\/categories?post=1663"},{"taxonomy":"post_tag","embeddable":true,"href":"https:\/\/salesianosatocha.es\/bachillerato\/wp-json\/wp\/v2\/tags?post=1663"}],"curies":[{"name":"wp","href":"https:\/\/api.w.org\/{rel}","templated":true}]}}